{"id":25491,"date":"2021-03-20T16:46:11","date_gmt":"2021-03-20T15:46:11","guid":{"rendered":"https:\/\/senzor.ba\/?p=25491"},"modified":"2024-01-15T21:39:19","modified_gmt":"2024-01-15T20:39:19","slug":"odbijali-da-nose-zastitne-maske-nastavnici-u-austriji-otpusteni-su-sa-posla","status":"publish","type":"post","link":"https:\/\/tvsensor.com\/clanak\/odbijali-da-nose-zastitne-maske-nastavnici-u-austriji-otpusteni-su-sa-posla\/","title":{"rendered":"Odbijali da nose za\u0161titne maske: Nastavnici u Austriji otpu\u0161teni su sa posla"},"content":{"rendered":"\n<p><strong>Tri nastavnika iz Austrije, koji su uporno odbijali da nose za\u0161titne maske na koje su obavezni tokom pandemije virusa korona, otpu\u0161teni su sa posla, pi\u0161e list \u201cKronen Zeitung\u201d.<\/strong><\/p>\n\n\n\n<p>U me\u0111uvremenu, u \u0160vicarskoj kupac koji je odbio da nosi masku dobio je petogodi\u0161nju zabranu ulaska u lanac supermarketa \u201cMigros\u201d.<\/p>\n\n\n\n<p>Zamor od pandemije sve je o\u010digledniji i u Austriji i u \u0160vicarskoj \u2013 organizuju se protesti zbog mjera restrikcije koje uklju\u010duju zatvaranje prodavnica i restorana, a obavezno je no\u0161enje maski.<\/p>\n\n\n\n<p>Tri nastavnika iz oblasti Freistadt, Voecklabruck\/ i u gradu Wels u gornjoj Austriji otpu\u0161teni su nakon \u0161to su i pored razgovora sa nadle\u017enima ostali pri tome da ne\u0107e da nose maske.<\/p>\n\n\n\n<p>U Austriji su zabilje\u017eena jo\u0161 tri slu\u010daja nastavnika koji su odbili da nose maske, ali su ih kasnije ubijedili \u010dime su sa\u010duvali radna mjesta, pi\u0161e list.<\/p>\n\n\n\n<p>Austrija je od 25. januara uvela mjeru obaveznog no\u0161enja maske FFP2, koja filtrira \u010destice jer se ispostavilo da pamu\u010dne maske nisu odgovaraju\u0107e.<\/p>\n\n\n\n<p>U \u0160vicarskoj, gdje je obavezno no\u0161enje maski u zatvorenom, samoproklamovani \u201cpobunjenik protiv virusa korona\u201d poku\u0161ao je da u\u0111e u supermarket u Lucernu bez maske.<\/p>\n\n\n\n<p>On je uporno odbijao da nosi masku pa ga je na kraju uhapsila policija. Njemu je tako\u0111e zabranjen ulaz u prodavnice lanca \u201cMigros\u201d.<\/p>\n","protected":false},"excerpt":{"rendered":"<p>Tri nastavnika iz Austrije, koji su uporno odbijali da nose za\u0161titne maske na koje su obavezni tokom pandemije virusa korona, otpu\u0161teni su sa posla, pi\u0161e list \u201cKronen Zeitung\u201d. U me\u0111uvremenu, u \u0160vicarskoj kupac koji je odbio da nosi masku dobio je petogodi\u0161nju zabranu ulaska u lanac supermarketa \u201cMigros\u201d. Zamor od pandemije sve je o\u010digledniji i [&hellip;]<\/p>\n","protected":false},"author":59,"featured_media":25492,"comment_status":"closed","ping_status":"closed","sticky":false,"template":"","format":"standard","meta":{"inline_featured_image":false,"footnotes":""},"categories":[41],"tags":[],"class_list":{"0":"post-25491","1":"post","2":"type-post","3":"status-publish","4":"format-standard","5":"has-post-thumbnail","7":"category-svijet"},"acf":[],"_links":{"self":[{"href":"https:\/\/tvsensor.com\/api\/wp\/v2\/posts\/25491","targetHints":{"allow":["GET"]}}],"collection":[{"href":"https:\/\/tvsensor.com\/api\/wp\/v2\/posts"}],"about":[{"href":"https:\/\/tvsensor.com\/api\/wp\/v2\/types\/post"}],"author":[{"embeddable":true,"href":"https:\/\/tvsensor.com\/api\/wp\/v2\/users\/59"}],"replies":[{"embeddable":true,"href":"https:\/\/tvsensor.com\/api\/wp\/v2\/comments?post=25491"}],"version-history":[{"count":1,"href":"https:\/\/tvsensor.com\/api\/wp\/v2\/posts\/25491\/revisions"}],"predecessor-version":[{"id":25493,"href":"https:\/\/tvsensor.com\/api\/wp\/v2\/posts\/25491\/revisions\/25493"}],"wp:featuredmedia":[{"embeddable":true,"href":"https:\/\/tvsensor.com\/api\/wp\/v2\/media\/25492"}],"wp:attachment":[{"href":"https:\/\/tvsensor.com\/api\/wp\/v2\/media?parent=25491"}],"wp:term":[{"taxonomy":"category","embeddable":true,"href":"https:\/\/tvsensor.com\/api\/wp\/v2\/categories?post=25491"},{"taxonomy":"post_tag","embeddable":true,"href":"https:\/\/tvsensor.com\/api\/wp\/v2\/tags?post=25491"}],"curies":[{"name":"wp","href":"https:\/\/api.w.org\/{rel}","templated":true}]}}