{"id":25488,"date":"2021-03-20T16:38:12","date_gmt":"2021-03-20T15:38:12","guid":{"rendered":"https:\/\/senzor.ba\/?p=25488"},"modified":"2024-01-15T21:39:19","modified_gmt":"2024-01-15T20:39:19","slug":"u-podgorici-odrzan-protest-zbog-mjera-protiv-koronavirusa","status":"publish","type":"post","link":"https:\/\/tvsensor.com\/clanak\/u-podgorici-odrzan-protest-zbog-mjera-protiv-koronavirusa\/","title":{"rendered":"U Podgorici odr\u017ean protest zbog mjera protiv koronavirusa"},"content":{"rendered":"\n<p>Vi\u0161e od stotinu gra\u0111ana Podgorice protestovalo je danas na Trgu nezavisnosti zbog mjera protiv koronavirusa, javlja Anadolu Agency (AA).<\/p>\n\n\n\n<p>Protest u Podgorici je jedan od mnogih koji su danas organizovani \u0161irom Evrope protiv mjera nametnutih pandemijom koronavirusa.<\/p>\n\n\n\n<p>Okupljeni gra\u0111ani danas nisu nosili za\u0161titne maske, uz poruku da aktuelne epidemiolo\u0161ke mjere ne daju rezultate. S druge strane, istakli su da se na ovaj na\u010din uni\u0161tava ekonomija, a da ljudi svakodnevno ostaju bez posla.<\/p>\n\n\n\n<p>Jedan od u\u010desnika protesta Pavle Radevi\u0107 poru\u010dio je da tra\u017ee ukidanje svih mjera.<\/p>\n\n\n\n<p>&#8220;Ovo nije politi\u010dki skup. Tra\u017eimo dono\u0161enje zdravorazumskih mjera. Vjerujemo da \u0107e nam se donosioci odluka obratiti, jer su aktuelne mjere besmislene&#8221;, kazao je Radevi\u0107.<\/p>\n\n\n\n<p>Na skupu je istaknuto da trenutno va\u017ee\u0107e mjere kr\u0161e osnovna ljudska prava, uz poruke da se protestom brane Ustav i zdrav razum.<\/p>\n\n\n\n<p>Najavljeno je da \u0107e protesti biti odr\u017eani i u drugim crnogorskim gradovima.<\/p>\n","protected":false},"excerpt":{"rendered":"<p>Vi\u0161e od stotinu gra\u0111ana Podgorice protestovalo je danas na Trgu nezavisnosti zbog mjera protiv koronavirusa, javlja Anadolu Agency (AA). Protest u Podgorici je jedan od mnogih koji su danas organizovani \u0161irom Evrope protiv mjera nametnutih pandemijom koronavirusa. Okupljeni gra\u0111ani danas nisu nosili za\u0161titne maske, uz poruku da aktuelne epidemiolo\u0161ke mjere ne daju rezultate. S druge [&hellip;]<\/p>\n","protected":false},"author":59,"featured_media":25489,"comment_status":"closed","ping_status":"closed","sticky":false,"template":"","format":"standard","meta":{"inline_featured_image":false,"footnotes":""},"categories":[40],"tags":[],"class_list":{"0":"post-25488","1":"post","2":"type-post","3":"status-publish","4":"format-standard","5":"has-post-thumbnail","7":"category-region"},"acf":[],"_links":{"self":[{"href":"https:\/\/tvsensor.com\/api\/wp\/v2\/posts\/25488","targetHints":{"allow":["GET"]}}],"collection":[{"href":"https:\/\/tvsensor.com\/api\/wp\/v2\/posts"}],"about":[{"href":"https:\/\/tvsensor.com\/api\/wp\/v2\/types\/post"}],"author":[{"embeddable":true,"href":"https:\/\/tvsensor.com\/api\/wp\/v2\/users\/59"}],"replies":[{"embeddable":true,"href":"https:\/\/tvsensor.com\/api\/wp\/v2\/comments?post=25488"}],"version-history":[{"count":1,"href":"https:\/\/tvsensor.com\/api\/wp\/v2\/posts\/25488\/revisions"}],"predecessor-version":[{"id":25490,"href":"https:\/\/tvsensor.com\/api\/wp\/v2\/posts\/25488\/revisions\/25490"}],"wp:featuredmedia":[{"embeddable":true,"href":"https:\/\/tvsensor.com\/api\/wp\/v2\/media\/25489"}],"wp:attachment":[{"href":"https:\/\/tvsensor.com\/api\/wp\/v2\/media?parent=25488"}],"wp:term":[{"taxonomy":"category","embeddable":true,"href":"https:\/\/tvsensor.com\/api\/wp\/v2\/categories?post=25488"},{"taxonomy":"post_tag","embeddable":true,"href":"https:\/\/tvsensor.com\/api\/wp\/v2\/tags?post=25488"}],"curies":[{"name":"wp","href":"https:\/\/api.w.org\/{rel}","templated":true}]}}