{"id":25484,"date":"2021-03-20T16:34:30","date_gmt":"2021-03-20T15:34:30","guid":{"rendered":"https:\/\/senzor.ba\/?p=25484"},"modified":"2024-01-15T21:39:19","modified_gmt":"2024-01-15T20:39:19","slug":"njemacka-veliki-sukobi-policije-i-prosvjednika-zbog-epidemioloskih-mjera","status":"publish","type":"post","link":"https:\/\/tvsensor.com\/clanak\/njemacka-veliki-sukobi-policije-i-prosvjednika-zbog-epidemioloskih-mjera\/","title":{"rendered":"Njema\u010dka: Veliki sukobi policije i prosvjednika zbog epidemiolo\u0161kih mjera"},"content":{"rendered":"\n<p><strong>Demonstranti u njema\u010dkom gradu Kassel<\/strong>&nbsp;<strong>sukobili su se danas s policijom tokom protesta protiv epidemiolo\u0161kih mera,<\/strong>&nbsp;a policija je reagovala upotrebom suzavca i pendreka kako bi sprije\u010dila okupljene da probiju policijske kordone.<\/p>\n\n\n\n<p><strong>Oko sedam hiljada ljudi<\/strong>&nbsp;u\u010destvovalo je na protestima u Kaselu, a pored sukoba s policijom bilo je i nekoliko prepucavanja s kontra-demonstrantima.<\/p>\n\n\n\n<p>Nekoliko grupa, me\u0111u kojima ve\u0107ina\u00a0<strong>ekstremno desni\u010darskih protivnika<\/strong>\u00a0vladinih propisa za borbu protiv pandemije koronavirusa, pozvalo je na proteste u subotu u gradovima \u0161irom zemlje.<\/p>\n\n\n\n<figure class=\"wp-block-image\"><img decoding=\"async\" src=\"https:\/\/storage.radiosarajevo.ba\/image\/584583\/1180x732\/polcija_njemacka.jpg\" alt=\"\"\/><\/figure>\n\n\n\n<p><strong>U Berlinu, oko 1.800 policijaca<\/strong>&nbsp;je u pripravnosti zbog mogu\u0107ih nereda, ali se samo nekoliko desetina demonstranata okupilo, pi\u0161e Anadolija.<\/p>\n\n\n\n<p>U me\u0111uvremenu, oko 300 gra\u0111ana okupilo se kod berlinskog bulevara&nbsp;<strong>Unter den Linden<\/strong>&nbsp;da protestuje protiv ekstremnih desni\u010dara.<\/p>\n\n\n\n<p>Policija je intervenisala kada su ekstremni desni\u010dari poku\u0161ali da napadnu fotoreportere, ali uop\u0161teno gledano, &#8220;ne doga\u0111a se puno toga ovde&#8221;, rekla je za DPA portparol policije.<\/p>\n","protected":false},"excerpt":{"rendered":"<p>Demonstranti u njema\u010dkom gradu Kassel&nbsp;sukobili su se danas s policijom tokom protesta protiv epidemiolo\u0161kih mera,&nbsp;a policija je reagovala upotrebom suzavca i pendreka kako bi sprije\u010dila okupljene da probiju policijske kordone. Oko sedam hiljada ljudi&nbsp;u\u010destvovalo je na protestima u Kaselu, a pored sukoba s policijom bilo je i nekoliko prepucavanja s kontra-demonstrantima. Nekoliko grupa, me\u0111u kojima [&hellip;]<\/p>\n","protected":false},"author":59,"featured_media":25485,"comment_status":"closed","ping_status":"closed","sticky":false,"template":"","format":"standard","meta":{"inline_featured_image":false,"footnotes":""},"categories":[41],"tags":[],"class_list":{"0":"post-25484","1":"post","2":"type-post","3":"status-publish","4":"format-standard","5":"has-post-thumbnail","7":"category-svijet"},"acf":[],"_links":{"self":[{"href":"https:\/\/tvsensor.com\/api\/wp\/v2\/posts\/25484","targetHints":{"allow":["GET"]}}],"collection":[{"href":"https:\/\/tvsensor.com\/api\/wp\/v2\/posts"}],"about":[{"href":"https:\/\/tvsensor.com\/api\/wp\/v2\/types\/post"}],"author":[{"embeddable":true,"href":"https:\/\/tvsensor.com\/api\/wp\/v2\/users\/59"}],"replies":[{"embeddable":true,"href":"https:\/\/tvsensor.com\/api\/wp\/v2\/comments?post=25484"}],"version-history":[{"count":1,"href":"https:\/\/tvsensor.com\/api\/wp\/v2\/posts\/25484\/revisions"}],"predecessor-version":[{"id":25486,"href":"https:\/\/tvsensor.com\/api\/wp\/v2\/posts\/25484\/revisions\/25486"}],"wp:featuredmedia":[{"embeddable":true,"href":"https:\/\/tvsensor.com\/api\/wp\/v2\/media\/25485"}],"wp:attachment":[{"href":"https:\/\/tvsensor.com\/api\/wp\/v2\/media?parent=25484"}],"wp:term":[{"taxonomy":"category","embeddable":true,"href":"https:\/\/tvsensor.com\/api\/wp\/v2\/categories?post=25484"},{"taxonomy":"post_tag","embeddable":true,"href":"https:\/\/tvsensor.com\/api\/wp\/v2\/tags?post=25484"}],"curies":[{"name":"wp","href":"https:\/\/api.w.org\/{rel}","templated":true}]}}