{"id":25476,"date":"2021-03-20T14:51:06","date_gmt":"2021-03-20T13:51:06","guid":{"rendered":"https:\/\/senzor.ba\/?p=25476"},"modified":"2024-01-15T21:39:19","modified_gmt":"2024-01-15T20:39:19","slug":"zagreb-prosvjedi-protiv-epidemioloskih-mjera","status":"publish","type":"post","link":"https:\/\/tvsensor.com\/clanak\/zagreb-prosvjedi-protiv-epidemioloskih-mjera\/","title":{"rendered":"Hrvatska na nogama: Protesti protiv uvedenih mjera u pet hrvatskih gradova"},"content":{"rendered":"\n<p>Povodom godi\u0161njice uvo\u0111enja epidemiolo\u0161kih mjera zbog pojave koronavirusa, Zagreb i \u010detiri hrvatska grada pridru\u017eila su se prosvjednim okupljanjima &#8220;Svjetska povorka za slobodu, mir i ljudska prava&#8221; koja se odr\u017eavaju u jo\u0161 40-ak dr\u017eava svijeta.<\/p>\n\n\n\n<p>U Zagrebu je okupljanje, uz nadzor policije, zapo\u010delo u podne na Trgu Kralja Tomislava, odakle su prosvjednici u duga\u010dkoj koloni krenuli prema Trgu bana Jela\u010di\u0107a, nose\u0107i transparent &#8220;Stop nametanju cjepiva i sto\u017eerske diktature&#8221; uz simbol zabrane cijepljenja.<\/p>\n\n\n\n<figure class=\"wp-block-embed is-type-video is-provider-youtube wp-block-embed-youtube wp-embed-aspect-16-9 wp-has-aspect-ratio\"><div class=\"wp-block-embed__wrapper\">\n<iframe loading=\"lazy\" title=\"WE ARE THE WORLD - Croatia - Zadar &amp; \u0160ibenik\" width=\"696\" height=\"392\" src=\"https:\/\/www.youtube.com\/embed\/yo1NgXsdYPE?feature=oembed\" frameborder=\"0\" allow=\"accelerometer; autoplay; clipboard-write; encrypted-media; gyroscope; picture-in-picture\" allowfullscreen><\/iframe>\n<\/div><\/figure>\n\n\n\n<p>Na okupljanju koje je brojilo najmanje petsto prosvjednika, gotovo nitko nije nosio za\u0161titnu masku, a uz glavni slogan &#8220;Dosta je&#8221;, prosvjednici su nosili brojne transparente s porukama: &#8220;Zdrav razum je na\u0161 razum&#8221;, &#8220;Neovisna znanost je na\u0161a znanost&#8221;, &#8220;Slobodni mediji su na\u0161i mediji&#8221;, &#8220;Cijepljenje neispitanim cjepivom je bioterorizam&#8221;, &#8220;Di\u0161emo punim plu\u0107ima&#8221;, &#8220;Politi\u010dku elitu hrani farmakomafija&#8221;, &#8220;Probna cjepiva, ne hvala&#8221; itd.<\/p>\n\n\n\n<p>Govornici koji su se obra\u0107ali okupljenima putem megafona iznosili su tvrdnje da im Sto\u017eer civilne za\u0161tite Republike Hrvatske svojim epidemiolo\u0161kim mjerama kr\u0161i osnovna ustavna i ljudska prava kao \u0161to su &#8220;pravo na slobodu, pravo na disanje i pravo na \u017eivot\u201d.<\/p>\n\n\n\n<p>Na Trgu bana Jela\u010di\u0107a okupljenima se kratko obratio i kontroverzni imunolog Sre\u0107ko Sladoljev, jedan od predvodnika tzv. antivakserskog pokreta u Hrvatskoj koji je prozvao hrvatske medije i politi\u010dare.<\/p>\n\n\n\n<p>Danas su se prosvjedima Zagrebu pridru\u017eili i Osijek, Split, \u0160ibenik i Dubrovnik.<\/p>\n","protected":false},"excerpt":{"rendered":"<p>Povodom godi\u0161njice uvo\u0111enja epidemiolo\u0161kih mjera zbog pojave koronavirusa, Zagreb i \u010detiri hrvatska grada pridru\u017eila su se prosvjednim okupljanjima &#8220;Svjetska povorka za slobodu, mir i ljudska prava&#8221; koja se odr\u017eavaju u jo\u0161 40-ak dr\u017eava svijeta. U Zagrebu je okupljanje, uz nadzor policije, zapo\u010delo u podne na Trgu Kralja Tomislava, odakle su prosvjednici u duga\u010dkoj koloni krenuli [&hellip;]<\/p>\n","protected":false},"author":59,"featured_media":25477,"comment_status":"closed","ping_status":"closed","sticky":false,"template":"","format":"standard","meta":{"inline_featured_image":false,"footnotes":""},"categories":[40],"tags":[],"class_list":{"0":"post-25476","1":"post","2":"type-post","3":"status-publish","4":"format-standard","5":"has-post-thumbnail","7":"category-region"},"acf":[],"_links":{"self":[{"href":"https:\/\/tvsensor.com\/api\/wp\/v2\/posts\/25476","targetHints":{"allow":["GET"]}}],"collection":[{"href":"https:\/\/tvsensor.com\/api\/wp\/v2\/posts"}],"about":[{"href":"https:\/\/tvsensor.com\/api\/wp\/v2\/types\/post"}],"author":[{"embeddable":true,"href":"https:\/\/tvsensor.com\/api\/wp\/v2\/users\/59"}],"replies":[{"embeddable":true,"href":"https:\/\/tvsensor.com\/api\/wp\/v2\/comments?post=25476"}],"version-history":[{"count":3,"href":"https:\/\/tvsensor.com\/api\/wp\/v2\/posts\/25476\/revisions"}],"predecessor-version":[{"id":27932,"href":"https:\/\/tvsensor.com\/api\/wp\/v2\/posts\/25476\/revisions\/27932"}],"wp:featuredmedia":[{"embeddable":true,"href":"https:\/\/tvsensor.com\/api\/wp\/v2\/media\/25477"}],"wp:attachment":[{"href":"https:\/\/tvsensor.com\/api\/wp\/v2\/media?parent=25476"}],"wp:term":[{"taxonomy":"category","embeddable":true,"href":"https:\/\/tvsensor.com\/api\/wp\/v2\/categories?post=25476"},{"taxonomy":"post_tag","embeddable":true,"href":"https:\/\/tvsensor.com\/api\/wp\/v2\/tags?post=25476"}],"curies":[{"name":"wp","href":"https:\/\/api.w.org\/{rel}","templated":true}]}}