{"id":25473,"date":"2021-03-20T14:47:06","date_gmt":"2021-03-20T13:47:06","guid":{"rendered":"https:\/\/senzor.ba\/?p=25473"},"modified":"2024-01-15T21:39:19","modified_gmt":"2024-01-15T20:39:19","slug":"akcija-grupe-gradjana-mostarci-ocistili-juzni-izlaz-iz-grada","status":"publish","type":"post","link":"https:\/\/tvsensor.com\/clanak\/akcija-grupe-gradjana-mostarci-ocistili-juzni-izlaz-iz-grada\/","title":{"rendered":"Akcija grupe gra\u0111ana: Mostarci o\u010distili ju\u017eni izlaz iz grada"},"content":{"rendered":"\n<p>Prva akcija Inicijative gra\u0111ana &#8220;Ko \u0107e vi\u0161e uraditi dobra?&#8221; bilo je dana\u0161nje \u010di\u0161\u0107enje najlonskih kesa i ostalog sme\u0107a i otpada na ju\u017enom izlazu iz Mostara. Ideja je nastala spontano i potekla je od Adija \u0110uki\u0107a, koji je objavio status na dru\u0161tvenoj mre\u017ei Facebook, na koji su odmah reagovali brojni zainteresovani sugra\u0111ani, javlja Anadolu Agency (AA).<\/p>\n\n\n\n<p>&#8220;Ovo je posao koji traje sat ili dva, a problem koji rje\u0161avamo star je decenijama, posebno na prelasku iz zime u prolje\u0107e. Ovo je ina\u010de na\u0161a prva akcija, a ja sam siguran da \u0107e ih u budu\u0107nosti biti jo\u0161 mnogo&#8221;, rekao je \u0110uki\u0107 u izjavi za medije.<\/p>\n\n\n\n<p>Potcrtao je da je dana\u0161nji zadatak ustvari dru\u0161tveno odgovoran rad te da je ideja da aktivisti djelovanjem u budu\u0107nosti rje\u0161avaju probleme u gradu koji su o\u010digledni. Naveo je da je mnogo starih anomalija poput ove, koje se mogu ispraviti za kratko vrijeme.<\/p>\n\n\n\n<p>&#8220;Budimo uzor djeci i nau\u010dimo ih \u0161ta je dru\u0161tveno koristan rad. Ovom gradu trebamo vratiti sjaj. Ne smijemo dozvoliti da ljepota Mostara bude u drugom planu zbog neobavljenog posla koji bi trajao dva sata. Svi turisti koji dolaze u Mostar skre\u0107u pa\u017enju na ovaj problem&#8221;, dodao je.<\/p>\n\n\n\n<p>U\u010desnici akcije pridr\u017eavali su se epidemiolo\u0161kih mjera, a radili su na vi\u0161e lokacija na potezu od naselja &#8220;Dolina sunca&#8221; do Avijati\u010darskog mosta, Rodo\u010da i Kolonije. Vrijedi spomenuti i da su slu\u017ebe Grada Mostara ve\u0107 po\u010dele s radom, pripremom terena i podr\u0161kom dru\u0161tveno-odgovornoj akciji gra\u0111ana.<\/p>\n","protected":false},"excerpt":{"rendered":"<p>Prva akcija Inicijative gra\u0111ana &#8220;Ko \u0107e vi\u0161e uraditi dobra?&#8221; bilo je dana\u0161nje \u010di\u0161\u0107enje najlonskih kesa i ostalog sme\u0107a i otpada na ju\u017enom izlazu iz Mostara. Ideja je nastala spontano i potekla je od Adija \u0110uki\u0107a, koji je objavio status na dru\u0161tvenoj mre\u017ei Facebook, na koji su odmah reagovali brojni zainteresovani sugra\u0111ani, javlja Anadolu Agency (AA). [&hellip;]<\/p>\n","protected":false},"author":59,"featured_media":25474,"comment_status":"closed","ping_status":"closed","sticky":false,"template":"","format":"standard","meta":{"inline_featured_image":false,"footnotes":""},"categories":[443],"tags":[],"class_list":{"0":"post-25473","1":"post","2":"type-post","3":"status-publish","4":"format-standard","5":"has-post-thumbnail","7":"category-ekologija"},"acf":[],"_links":{"self":[{"href":"https:\/\/tvsensor.com\/api\/wp\/v2\/posts\/25473","targetHints":{"allow":["GET"]}}],"collection":[{"href":"https:\/\/tvsensor.com\/api\/wp\/v2\/posts"}],"about":[{"href":"https:\/\/tvsensor.com\/api\/wp\/v2\/types\/post"}],"author":[{"embeddable":true,"href":"https:\/\/tvsensor.com\/api\/wp\/v2\/users\/59"}],"replies":[{"embeddable":true,"href":"https:\/\/tvsensor.com\/api\/wp\/v2\/comments?post=25473"}],"version-history":[{"count":1,"href":"https:\/\/tvsensor.com\/api\/wp\/v2\/posts\/25473\/revisions"}],"predecessor-version":[{"id":25475,"href":"https:\/\/tvsensor.com\/api\/wp\/v2\/posts\/25473\/revisions\/25475"}],"wp:featuredmedia":[{"embeddable":true,"href":"https:\/\/tvsensor.com\/api\/wp\/v2\/media\/25474"}],"wp:attachment":[{"href":"https:\/\/tvsensor.com\/api\/wp\/v2\/media?parent=25473"}],"wp:term":[{"taxonomy":"category","embeddable":true,"href":"https:\/\/tvsensor.com\/api\/wp\/v2\/categories?post=25473"},{"taxonomy":"post_tag","embeddable":true,"href":"https:\/\/tvsensor.com\/api\/wp\/v2\/tags?post=25473"}],"curies":[{"name":"wp","href":"https:\/\/api.w.org\/{rel}","templated":true}]}}