{"id":25470,"date":"2021-03-20T14:41:15","date_gmt":"2021-03-20T13:41:15","guid":{"rendered":"https:\/\/senzor.ba\/?p=25470"},"modified":"2024-01-15T21:39:19","modified_gmt":"2024-01-15T20:39:19","slug":"hodocasce-u-doba-pandemije-brojne-nepoznanice-u-vezi-s-odlaskom-na-hadz-s-balkana","status":"publish","type":"post","link":"https:\/\/tvsensor.com\/clanak\/hodocasce-u-doba-pandemije-brojne-nepoznanice-u-vezi-s-odlaskom-na-hadz-s-balkana\/","title":{"rendered":"Hodo\u010da\u0161\u0107e u doba pandemije: Brojne nepoznanice u vezi s odlaskom na had\u017e s Balkana"},"content":{"rendered":"\n<p>Ovogodi\u0161nji obredi had\u017ea po\u010dinju 11. jula, ali jo\u0161 uvijek zbog pandemije koronavirusa koja je pogodila ve\u0107i dio svijeta pa tako i Saudijsku Arabiju, javnost jo\u0161 nije upoznata na koji na\u010din, u kakvim uvjetima i pod kojim mjerama \u0107e biti organiziran had\u017e ove godine, javlja Anadolu Agency (AA).<\/p>\n\n\n\n<p>Nadle\u017ene vlasti u Saudijskoj Arabiji jo\u0161 uvijek nisu zvani\u010dno saop\u0107ile u kojoj formi \u0107e se ove godine organizovati had\u017e, ali prema trenutnim uvjetima izazvanih pandemijom sve upu\u0107uje na to da \u0107e had\u017e biti organiziran dosta druga\u010dije nego svih ranijih godina.<\/p>\n\n\n\n<p>Novinari Anadolu Agency (AA) su tim povodom razgovarali s nadle\u017enim vjerskim zajednicama na Zapadnom Balkanu kako bi javnost bila detaljnije upoznata o spremnosti i kapacitetima doma\u0107ih vjerskih ustanova za organizaciju had\u017ea u novonastalim okolnostima pandemije.<\/p>\n\n\n\n<p>&#8211; Bez zvani\u010dnih obavje\u0161tenja &#8211;<\/p>\n\n\n\n<p>Sad\u017eid Rami\u0107, rukovodilac Ureda za had\u017e i umru Rijaseta Islamske zajednice u Bosni i Hercegovini, izjavio je da jo\u0161 uvijek od saudijskih institucija nisu dobili zvani\u010dne informacije o organizaciji had\u017ea za ovu godinu.<\/p>\n\n\n\n<p>&#8220;Ured za had\u017e i umru Rijaseta Islamske zajednice u BiH do ovog momenta od nadle\u017enih institucija Kraljevine Saudijske Arabije, konkretno Ministarstva za had\u017e i umru, koje je nadle\u017eno za organizovanje had\u017ea, zvani\u010dno nije dobio bilo kakvu informaciju o pitanju organizacije had\u017ea za 2021. godinu. U tom smislu, nismo dobili bilo kakvu informaciju koja se ti\u010de pitanja vakcinacije, obaveznosti ili neobaveznosti, budu\u0107ih had\u017eija za ovu godinu&#8221;, kazao je Rami\u0107.<\/p>\n\n\n\n<p>Podsjetio je da se prethodnih dana u BiH i u nekim svjetskim medijima pojavila informacija da je ministar zdravlja Saudijske Arabije dao nalog da se budu\u0107e had\u017eije moraju obavezno vakcinisati kako bi mogli obaviti had\u017e.<\/p>\n\n\n\n<p>&#8220;Uvidom u saudijske medije utvrdili smo da je do\u0161lo do odre\u0111ene pogre\u0161ne interpretacije ministra. Radi se o tome da je u tom cirkularnom pismu ministar zdravlja Saudijske Arabije nalo\u017eio svim institucijama koje su uklju\u010dene u organizaciju had\u017ea da osoblje i slu\u017ebenici koji \u0107e raditi na poslovima had\u017ea, od ulaska do izlaska had\u017eija, da \u0107e oni biti obavezni da se vakcini\u0161u. Da li \u0107e u tom smislu bosanskohercegova\u010dke i op\u0107enito druge had\u017eije biti obavezni da se vakcini\u0161u, pred nama je da vidimo u skladu s instrukcijama koje o\u010dekujemo da nam do\u0111u iz Saudijske Arabije&#8221;, rekao je Rami\u0107.<\/p>\n\n\n\n<p>Ipak, u slu\u010daju da dobiju informaciju da je potrebna vakcinacija protiv COVID-19 za budu\u0107e had\u017eije, istakao je da bi tra\u017eili i o\u010dekivali razumijevanje, podr\u0161ku i pomo\u0107 bh. vlasti.<\/p>\n\n\n\n<p>&#8220;U tom slu\u010daju, s obzirom na situaciju kod nas u Bosni i Hercegovini, Ured za had\u017e i umru \u0107e iznalaziti na\u010dine da na svaki mogu\u0107i na\u010din olak\u0161a na\u0161im budu\u0107im had\u017eijama da \u0161to lak\u0161e do\u0111u do vakcine i u tom smislu nadam se da \u0107emo imati razumijevanje i pomo\u0107 od strane na\u0161ih zdravstvenih vlasti u Bosni i Hercegovini&#8221;, kazao je Rami\u0107 za AA.<\/p>\n\n\n\n<p>&#8211; Sporazum nije potpisan &#8211;<\/p>\n\n\n\n<p>Naglasio je da su, u skladu s ustaljenom praksom, svi uredi za had\u017e u svijetu u zemljama iz kojih dolaze had\u017eije ve\u0107 trebali potpisati sporazum s Ministarstvom za had\u017e i umru Saudijske Arabije, ali se to jo\u0161 nije desilo.<\/p>\n\n\n\n<p>&#8220;Tim sporazumom se ure\u0111uju neke temeljne postavke organizacije had\u017ea za tu konkretnu godinu. Tim sporazumom se, izme\u0111u ostalog, defini\u0161e i broj ili kvota had\u017eija za tu godinu iz konkretne zemlje. S obzirom na \u010dinjenicu da taj sporazum jo\u0161 nije potpisan, ne mo\u017eemo govoriti o broju ljudi koji \u0107e mo\u0107i obaviti had\u017e ove godine&#8221;, kazao je Rami\u0107, dodaju\u0107i da zbog nepotpisivanja sporazuma jo\u0161 nije poznata ni cijena had\u017ea za ovu godinu.<\/p>\n\n\n\n<p>Ministarstvo za had\u017e i umru Saudijske Arabije je institucija nadle\u017ena za kompletnu organizaciju had\u017ea i oni \u0107e urede za had\u017e u narednom periodu obavijestiti o svim zahtjevima i uvjetima kada je u pitanju organizacija obreda had\u017ea.<\/p>\n\n\n\n<p>&#8220;Prije nego \u0161to dobijemo od njih bilo kakvu informaciju nismo u prilici i ne mo\u017eemo ulaziti uop\u0107e u konkretnu realizaciju bilo kojeg segmenta organizacije had\u017ea. U tom smislu bih zamolio i na\u0161e vjernike, koji nam svakodnevno \u0161alju pitanja, za jednu vrstu strpljivosti, sabura i razumijevanja trenutne situacije kako kod nas tako i u svijetu i u Saudijskoj Arabiji. U tom smislu, da imamo razumijevanje i za vlasti Saudijske Arabije koje preuzimaju na sebe odgovornost organizacije had\u017ea i tako preuzimaju veliku odgovornost za zdravlje i \u017eivote muslimana i svih drugih ljudi&#8221;, rekao je Rami\u0107, napominju\u0107i da se u svakom momentu situacija u vezi sa pandemijom mo\u017ee promijeniti, \u0161to bi utjecalo i na samu organizaciju had\u017ea.<\/p>\n\n\n\n<p>&#8220;Da li \u0107e ove godine biti had\u017ea na na\u010din kako je to standardno ili \u0107e biti kao \u0161to je bilo pro\u0161le godine zavisi o situaciji i epidemiolo\u0161kim prilikama u Saudijskoj Arabiji i op\u0107enito u svijetu i od prilika u svakoj pojedina\u010dnoj zemlji. Za o\u010dekivati je da ako neka zemlja bude problemati\u010dna epidemiolo\u0161ki, ne bi nas trebalo iznenaditi da vlasti Saudijske Arabije toj konkretnoj zemlji zabrane ulazak njihovih had\u017eija u Saudijsku Arabiju. Sve su to opcije. Kako \u0107e na kraju biti, mo\u017eemo slobodno kazati da \u0107e se procjena Saudijske Arabije temeljiti na epidemiolo\u0161kim prilikama u dato vrijeme&#8221;, kazao je Rami\u0107.<\/p>\n\n\n\n<p>&#8211; Spremni za organizaciju odlaska &#8211;<\/p>\n\n\n\n<p>Na kraju je poru\u010dio da je Ured za had\u017e i umru Rijaseta Islamske zajednice u Bosni i Hercegovini svakako spreman u svakom smislu organizovati putovanje budu\u0107ih had\u017eija.<\/p>\n\n\n\n<p>&#8220;U skladu s brojem koji nam bude dopu\u0161ten i u skladu sa svim ostalim mjerama koje \u0107e nam biti nametnute od stane Ministarstva za had\u017e i umru Saudijske Arabije, mi smo kao Ured spremni u svakom smislu, tehni\u010dki, bilo kako, organizovati putovanje na\u0161ih had\u017eija iz Bosne i Hercegovine. Na koji \u0107e to na\u010din biti, sigurno da \u0107e biti u vanrednim prilikama i da \u0107e biti druga\u010dije nego svih ranijih godina&#8221;, istakao je Rami\u0107 za AA.<\/p>\n\n\n\n<p>Prema njegovom mi\u0161ljenju, s obzirom da je za umru predvi\u0111eno ograni\u010denje od 18 do 50 godina, za o\u010dekivati je da \u0107e takvo ograni\u010denje biti i za had\u017e, ali to opet zavisi o odluci nadle\u017enih institucija Saudijske Arabije.<\/p>\n\n\n\n<p>&#8211; Kvota za had\u017e \u0107e biti umanjena &#8211;<\/p>\n\n\n\n<p>Iz Islamske zajednice Srbije naveli su tako\u0111er da jo\u0161 nisu dobili zvani\u010dno saop\u0161tenje od Saudijske Arabije o uslovima pod kojima bi vjernici ove godine i\u0161li na had\u017e.<\/p>\n\n\n\n<p>Kako su precizirali za AA u pisanoj izjavi, na mnogim portalima Kraljevine Saudijske Arabije mogla se pro\u010ditati vijest da u\u010destvovanje u ovogodi\u0161njem had\u017eu uslovljeno vakcinisanjem protiv koronavirusa, te su neki mediji prenijeli da je vakcinisanje obavezno samo onima koji u\u010destvuju u organizaciji had\u017ea, dok drugi dodaju da je vakcinisanje uslov i svim hodo\u010dasnicima.<\/p>\n\n\n\n<p>&#8220;S obzirom da je informacija nova te da Ministarstvo za had\u017e i umru, \u010dija je rije\u010d za nas organizatore had\u017ea najbitnija, nije dalo jo\u0161 nijedno zvani\u010dno saop\u0161tenje organizatorima had\u017ea, mi po ovom pitanju nismo ni\u0161ta konkretno preduzimali&#8221;, kazali su.<\/p>\n\n\n\n<p>Prema tome, za sada ne posjeduju ni zvani\u010dne informacije po pitanju broja had\u017eija koji \u0107e mo\u0107i hodo\u010dastiti Kabu ove godine.<\/p>\n\n\n\n<p>&#8220;Spekuli\u0161e se da \u0107e kvota predvi\u0111ena za svaku dr\u017eavu biti umanjena za dvije tre\u0107ine, da \u0107e biti uslovljena i starosna dob, da \u0107e celokupni tro\u0161kovi biti uve\u0107ani. Me\u0111utim, to su za sada samo spekulacije. S obzirom da se Ministarstvo za had\u017e i umru u Saudijskoj Arabiji nije slu\u017ebeno oglasilo po pitanju uslova celokupne organizacije had\u017ea u 2021. godini, nemogu\u0107e je decidno govoriti o broju had\u017eija, planovima i cijenama&#8221;, dodali su.<\/p>\n\n\n\n<p>&#8211; Kosovo: Nepoznanice u vezi s had\u017eom &#8211;<\/p>\n\n\n\n<p>Predstavnik Islamske zajednice Kosova Vedat Sahiti, zadu\u017een za had\u017e, istakao je da Kosovo jo\u0161 uvek nije dobilo nikakvo zvani\u010dno saop\u0161tenje od Saudijske Arabije o uslovima pod kojima bi vjernici ove godine i\u0161li na had\u017e.<\/p>\n\n\n\n<p>Sahiti za AA isti\u010de da se zvani\u010dno saop\u0161tenje Ministarstva za had\u017e i umre Saudijske Arabije o\u010dekuje tek nakon zavr\u0161etka svetog mjeseca ramazana, kao i da jo\u0161 uvijek nije slu\u017ebeno potvr\u0111eno da li \u0107e vjernicima uslov za odlazak na had\u017e biti vakcinacija protiv koronavirusa.<\/p>\n\n\n\n<p>Zbog nepoznanica u vezi s ovogodi\u0161njim had\u017eom, prema njegovim rije\u010dima, Islamska zajednica Kosova smatra da je rano da se pri\u010da o tome i zato jo\u0161 uvijek nije zapo\u010dela s pripremama.<\/p>\n\n\n\n<p>Sahiti ka\u017ee i da imaju\u0107i u vidu da na Kosovo jo\u0161 uvijek nisu stigle vakcine protiv koronavirusa, Islamska zajednica nije razgovarala o tome s predstavnicima vlasti. Tako\u0111e, napominje da je Vlada Kosova u odlasku te da se o\u010dekuje formiranje nove Vlade nakon prevremenih parlamentarnih izbora odr\u017eanih 14. februara.<\/p>\n\n\n\n<p>On ne isklju\u010duje ni mogu\u0107nost da se had\u017e u potpunosti odlo\u017ei zbog pandemije COVID-19, kao \u0161to je to bilo pro\u0161le godine. Ipak, budu\u0107i da had\u017e 2020. godine nije mogao biti odr\u017ean, prava na registraciju hodo\u010dasnika prebacuju se u 2021. godinu.<\/p>\n\n\n\n<p>Iz Islamke zajednice u Hrvatskoj su kratko rekli da nemaju zvani\u010dnih informacija o ovogodi\u0161njoj organizaciji hodo\u010da\u0161\u0107a.<\/p>\n\n\n\n<p>Pro\u0161le godine zbog okolnosti pandemije koronavirusa, had\u017e je bio organiziran samo za ograni\u010deni broj, odnosno za 1.000 had\u017eija koji su bili saudijski dr\u017eavljani ili stranci koji imaju boravak u toj zemlji.<\/p>\n\n\n\n<p>Tako je had\u017e, najve\u0107i skup muslimana u svijetu na koji u normalnim okolnostima do\u0111e od dva do tri miliona muslimana iz svih krajeva svijeta, pro\u0161le godine obavljen bez had\u017eija izvana, a ograni\u010deni broj hodo\u010dasnika morali su se pridr\u017eavati striktnih epidemiolo\u0161kih mjera.<\/p>\n\n\n\n<p>Ovogodi\u0161nji obredi had\u017ea po\u010dinju 11. jula, a glavni doga\u0111aj had\u017ea, boravak na platou Arafata, nadomak Mekke, je 9. dan mjeseca had\u017ea, \u0161to po solarnom kalendaru odgovara 19. julu. Kurban ili had\u017eijski bajram nastupa 20. jula.<\/p>\n","protected":false},"excerpt":{"rendered":"<p>Ovogodi\u0161nji obredi had\u017ea po\u010dinju 11. jula, ali jo\u0161 uvijek zbog pandemije koronavirusa koja je pogodila ve\u0107i dio svijeta pa tako i Saudijsku Arabiju, javnost jo\u0161 nije upoznata na koji na\u010din, u kakvim uvjetima i pod kojim mjerama \u0107e biti organiziran had\u017e ove godine, javlja Anadolu Agency (AA). Nadle\u017ene vlasti u Saudijskoj Arabiji jo\u0161 uvijek nisu [&hellip;]<\/p>\n","protected":false},"author":59,"featured_media":25471,"comment_status":"closed","ping_status":"closed","sticky":false,"template":"","format":"standard","meta":{"inline_featured_image":false,"footnotes":""},"categories":[57],"tags":[],"class_list":{"0":"post-25470","1":"post","2":"type-post","3":"status-publish","4":"format-standard","5":"has-post-thumbnail","7":"category-religija"},"acf":[],"_links":{"self":[{"href":"https:\/\/tvsensor.com\/api\/wp\/v2\/posts\/25470","targetHints":{"allow":["GET"]}}],"collection":[{"href":"https:\/\/tvsensor.com\/api\/wp\/v2\/posts"}],"about":[{"href":"https:\/\/tvsensor.com\/api\/wp\/v2\/types\/post"}],"author":[{"embeddable":true,"href":"https:\/\/tvsensor.com\/api\/wp\/v2\/users\/59"}],"replies":[{"embeddable":true,"href":"https:\/\/tvsensor.com\/api\/wp\/v2\/comments?post=25470"}],"version-history":[{"count":1,"href":"https:\/\/tvsensor.com\/api\/wp\/v2\/posts\/25470\/revisions"}],"predecessor-version":[{"id":25472,"href":"https:\/\/tvsensor.com\/api\/wp\/v2\/posts\/25470\/revisions\/25472"}],"wp:featuredmedia":[{"embeddable":true,"href":"https:\/\/tvsensor.com\/api\/wp\/v2\/media\/25471"}],"wp:attachment":[{"href":"https:\/\/tvsensor.com\/api\/wp\/v2\/media?parent=25470"}],"wp:term":[{"taxonomy":"category","embeddable":true,"href":"https:\/\/tvsensor.com\/api\/wp\/v2\/categories?post=25470"},{"taxonomy":"post_tag","embeddable":true,"href":"https:\/\/tvsensor.com\/api\/wp\/v2\/tags?post=25470"}],"curies":[{"name":"wp","href":"https:\/\/api.w.org\/{rel}","templated":true}]}}