{"id":25464,"date":"2021-03-20T10:25:44","date_gmt":"2021-03-20T09:25:44","guid":{"rendered":"https:\/\/senzor.ba\/?p=25464"},"modified":"2024-01-15T21:39:19","modified_gmt":"2024-01-15T20:39:19","slug":"danas-je-prvi-dan-proljeca","status":"publish","type":"post","link":"https:\/\/tvsensor.com\/clanak\/danas-je-prvi-dan-proljeca\/","title":{"rendered":"Danas je prvi dan prolje\u0107a"},"content":{"rendered":"\n<p><strong>Na sjevernoj Zemljinoj polulopti danas kalendarski po\u010dinje prolje\u0107e.<\/strong><\/p>\n\n\n\n<p>Prolje\u0107e po\u010dinje u 10:37 sati, a u isto vrijeme za stanovnike na ju\u017enoj Zemljinoj hemisferi po\u010dinje jesen.<\/p>\n\n\n\n<p>Na dan proljetne ravnodnevice obdanica i no\u0107 nisu jednake du\u017eine, jer Zemlja posjeduje atmosferu koja prividno uzdi\u017ee sunce iznad horizonta.<\/p>\n\n\n\n<p>Ljetno ra\u010dunanje vremena po\u010det \u0107e u no\u0107i izme\u0111u 27. i 28. marta.<\/p>\n","protected":false},"excerpt":{"rendered":"<p>Na sjevernoj Zemljinoj polulopti danas kalendarski po\u010dinje prolje\u0107e. Prolje\u0107e po\u010dinje u 10:37 sati, a u isto vrijeme za stanovnike na ju\u017enoj Zemljinoj hemisferi po\u010dinje jesen. Na dan proljetne ravnodnevice obdanica i no\u0107 nisu jednake du\u017eine, jer Zemlja posjeduje atmosferu koja prividno uzdi\u017ee sunce iznad horizonta. Ljetno ra\u010dunanje vremena po\u010det \u0107e u no\u0107i izme\u0111u 27. i [&hellip;]<\/p>\n","protected":false},"author":59,"featured_media":25465,"comment_status":"closed","ping_status":"closed","sticky":false,"template":"","format":"standard","meta":{"inline_featured_image":false,"footnotes":""},"categories":[37],"tags":[],"class_list":{"0":"post-25464","1":"post","2":"type-post","3":"status-publish","4":"format-standard","5":"has-post-thumbnail","7":"category-vijesti"},"acf":[],"_links":{"self":[{"href":"https:\/\/tvsensor.com\/api\/wp\/v2\/posts\/25464","targetHints":{"allow":["GET"]}}],"collection":[{"href":"https:\/\/tvsensor.com\/api\/wp\/v2\/posts"}],"about":[{"href":"https:\/\/tvsensor.com\/api\/wp\/v2\/types\/post"}],"author":[{"embeddable":true,"href":"https:\/\/tvsensor.com\/api\/wp\/v2\/users\/59"}],"replies":[{"embeddable":true,"href":"https:\/\/tvsensor.com\/api\/wp\/v2\/comments?post=25464"}],"version-history":[{"count":1,"href":"https:\/\/tvsensor.com\/api\/wp\/v2\/posts\/25464\/revisions"}],"predecessor-version":[{"id":25466,"href":"https:\/\/tvsensor.com\/api\/wp\/v2\/posts\/25464\/revisions\/25466"}],"wp:featuredmedia":[{"embeddable":true,"href":"https:\/\/tvsensor.com\/api\/wp\/v2\/media\/25465"}],"wp:attachment":[{"href":"https:\/\/tvsensor.com\/api\/wp\/v2\/media?parent=25464"}],"wp:term":[{"taxonomy":"category","embeddable":true,"href":"https:\/\/tvsensor.com\/api\/wp\/v2\/categories?post=25464"},{"taxonomy":"post_tag","embeddable":true,"href":"https:\/\/tvsensor.com\/api\/wp\/v2\/tags?post=25464"}],"curies":[{"name":"wp","href":"https:\/\/api.w.org\/{rel}","templated":true}]}}