{"id":25453,"date":"2021-03-20T10:10:12","date_gmt":"2021-03-20T09:10:12","guid":{"rendered":"https:\/\/senzor.ba\/?p=25453"},"modified":"2024-01-15T21:39:20","modified_gmt":"2024-01-15T20:39:20","slug":"iz-njemacke-se-preselila-u-bih-i-uopce-nije-pozalila","status":"publish","type":"post","link":"https:\/\/tvsensor.com\/clanak\/iz-njemacke-se-preselila-u-bih-i-uopce-nije-pozalila\/","title":{"rendered":"Iz Njema\u010dke se preselila u BiH i uop\u0107e nije po\u017ealila!"},"content":{"rendered":"\n<p><strong>Obilan snijeg u planinskim predjelima oko Livna natjerao je livanjske divlje konje da se s visoravni Kruzi podno planine Cincar spuste do rubnih sela Zagori\u010dani i Poto\u010dani.<\/strong><\/p>\n\n\n\n<p>Kako ih potreba za solju svako malo dovodi na frekventnu prometnicu koja vodi od sredi\u0161nje Bosne preko Kupresa i Livna sve do Splita, voza\u010di na toj dionici i ove zime trebaju biti posebno oprezni. I mi sre\u0107emo konje na cesti, vozila koja ih obilaze\u2026<\/p>\n\n\n\n<p>Ali i \u017eenu s profesionalnom opremom, fotoaparatom i kamerom.<\/p>\n\n\n\n<p>Uskoro saznajemo da je rije\u010d o dr. Maksidi Vogt, porijeklom iz BiH, koja se udala za Nijemca i godinama boravila u Njema\u010dkoj, da bi se zbog konja pro\u0161le godine doselila u Livno.<\/p>\n\n\n\n<p>&#8211; Ve\u0107 od 2014. dolazim i dovodim razne grupe ovdje iz Njema\u010dke, \u0160vicarske, Austrije, jer ja imam svoju \u0161kolu, studente, i pi\u0161em za njema\u010dke novine, izdajem knjige. Ustvari, to je, jednostavno, moja profesija kojom se bavim tako da je to bio razlog moga preseljenja. Stalno pravim dokumentaciju s fotografijama, videouracima\u2026 \u2013 govori Maksida za ve\u010dernji.ba.<\/p>\n\n\n\n<p>Zajedno s nama i Maksida primje\u0107uje kako su te prelijepe, sna\u017ene, slobodne i nekad plahe \u017eivotinje ljudi zapravo previ\u0161e pripitomili. Ovi su ljepotani svojedobno i Ceste FBiH \u201cnatjerali\u201d da naprave znak za njih, a zimi se gotovo redovito nalaze u izvje\u0161\u0107ima o stanju na cestama.<\/p>\n\n\n\n<p>&#8211; Voza\u010de koji se kre\u0107u preko planinskog prijevoja Borova glava (M-15 \u0160ujica \u2013 Livno) upozoravamo na u\u010destale izlaske divljih konja na kolnik, posebice u jutarnjim i ve\u010dernjim satima \u2013 upozorenja su koja \u010desto \u010dujemo.<\/p>\n\n\n\n<figure class=\"wp-block-image is-resized\"><img loading=\"lazy\" decoding=\"async\" src=\"https:\/\/static.hayat.ba\/2021\/03\/maksida-vort-3.png\" alt=\"\" class=\"wp-image-374599\" width=\"1064\" height=\"704\"\/><\/figure>\n\n\n\n<p>Danju to i nije tako veliki problem. Voza\u010di op\u010dinjeni njihovom ljepotom zaustavljaju vozila, fotografiraju ih, u\u017eivaju u pogledu. Susre\u0107emo tu i Livnjaka Viktora Milanovi\u0107a koji se zaustavio kako bi u\u017eivao u prizoru.<\/p>\n\n\n\n<p>&#8211; Problem jest kada se konji na\u0111u na cesti, ali mislim da bi svi na\u0161i gra\u0111ani trebali savjesno voziti na ovom dijelu, ovoj prometnici koja je nazna\u010dena kao prometnica gdje se divlji konji kre\u0107u i li\u017eu sol, pogotovo u zimskom razdoblju, tako da trebamo svi imati nekog razumijevanja i polako se kretati na ovom dijelu ceste \u2013 govori Milanovi\u0107.<\/p>\n\n\n\n<p>&#8211; Ovakvo blago s ovim divljim konjima koje ovdje postoji u Livnu, ne postoji u cijelom svijetu. \u010cak i u Americi s mustanzima, gdje su ih po\u010deli protjerivati s njihova teritorija. Mi nigdje u Europi ni u svijetu nemamo ovako jedno veliko krdo koje mo\u017ee slobodno \u017eivjeti i slobodno se kretati da nikako nije ogra\u0111eno nikako. Pripitomili se Mi koji se bavimo ovom profesijom i konjima mo\u017eemo promatrati jedan prirodan na\u010din \u017eivota tih \u017eivotinja, a to ne mo\u017eemo nigdje drugdje. Konji se ne smiju hraniti, primjerice, kruhom i sli\u010dnim stvarima koje te \u017eivotinje ne podnose, a tako se i pripitomljuju \u2013 govori Maksida i dodaje kako je vidjela veliku razliku u pona\u0161anju konja od 2014. do pro\u0161le godine.<\/p>\n\n\n\n<p>\u010cak i \u017edrijebe dolazi u blizinu ljudi, \u0161to se prije nikada nije doga\u0111alo, isti\u010de na\u0161a sugovornica i dodaje kako je to kvarenje konja i divljine te da \u010desto govori ljudima koje sre\u0107e da to ne rade, da ih ne hrane, ve\u0107 da ih puste i promatraju onakve kakvi jesu u prirodi i da je to jedinstveno u svijetu.<\/p>\n\n\n\n<p>Ina\u010de, dr. Maksida Vogt pi\u0161e o konjima i zala\u017ee se za \u0161irenje znanstveno utemeljenih saznanja o okolnostima u kojima konji \u017eive i dr\u017ee se u na\u0161em svijetu. Njezin pristup ima za cilj oja\u010dati ljude kako bi mogli \u017eivjeti u harmoniji (sa sobom i konjem), bezuvjetno voljeti, vjerovati, \u017eivjeti bez o\u010dekivanja (svog konja i sebe), osje\u0107ati mir \u2013 zada\u0107i u kojoj konj beskompromisno podr\u017eava ljude, stoji u predgovoru jedne od njezinih knjiga.<\/p>\n","protected":false},"excerpt":{"rendered":"<p>Obilan snijeg u planinskim predjelima oko Livna natjerao je livanjske divlje konje da se s visoravni Kruzi podno planine Cincar spuste do rubnih sela Zagori\u010dani i Poto\u010dani. Kako ih potreba za solju svako malo dovodi na frekventnu prometnicu koja vodi od sredi\u0161nje Bosne preko Kupresa i Livna sve do Splita, voza\u010di na toj dionici i [&hellip;]<\/p>\n","protected":false},"author":59,"featured_media":25454,"comment_status":"closed","ping_status":"closed","sticky":false,"template":"","format":"standard","meta":{"inline_featured_image":false,"footnotes":""},"categories":[39],"tags":[],"class_list":{"0":"post-25453","1":"post","2":"type-post","3":"status-publish","4":"format-standard","5":"has-post-thumbnail","7":"category-dijaspora"},"acf":[],"_links":{"self":[{"href":"https:\/\/tvsensor.com\/api\/wp\/v2\/posts\/25453","targetHints":{"allow":["GET"]}}],"collection":[{"href":"https:\/\/tvsensor.com\/api\/wp\/v2\/posts"}],"about":[{"href":"https:\/\/tvsensor.com\/api\/wp\/v2\/types\/post"}],"author":[{"embeddable":true,"href":"https:\/\/tvsensor.com\/api\/wp\/v2\/users\/59"}],"replies":[{"embeddable":true,"href":"https:\/\/tvsensor.com\/api\/wp\/v2\/comments?post=25453"}],"version-history":[{"count":4,"href":"https:\/\/tvsensor.com\/api\/wp\/v2\/posts\/25453\/revisions"}],"predecessor-version":[{"id":25460,"href":"https:\/\/tvsensor.com\/api\/wp\/v2\/posts\/25453\/revisions\/25460"}],"wp:featuredmedia":[{"embeddable":true,"href":"https:\/\/tvsensor.com\/api\/wp\/v2\/media\/25454"}],"wp:attachment":[{"href":"https:\/\/tvsensor.com\/api\/wp\/v2\/media?parent=25453"}],"wp:term":[{"taxonomy":"category","embeddable":true,"href":"https:\/\/tvsensor.com\/api\/wp\/v2\/categories?post=25453"},{"taxonomy":"post_tag","embeddable":true,"href":"https:\/\/tvsensor.com\/api\/wp\/v2\/tags?post=25453"}],"curies":[{"name":"wp","href":"https:\/\/api.w.org\/{rel}","templated":true}]}}