{"id":25450,"date":"2021-03-19T17:27:18","date_gmt":"2021-03-19T16:27:18","guid":{"rendered":"https:\/\/senzor.ba\/?p=25450"},"modified":"2024-01-15T21:39:20","modified_gmt":"2024-01-15T20:39:20","slug":"udruzenje-otaharin-iz-bijeljine-jacamo-svijest-o-predrasudama-i-stereotipima-o-romima","status":"publish","type":"post","link":"https:\/\/tvsensor.com\/clanak\/udruzenje-otaharin-iz-bijeljine-jacamo-svijest-o-predrasudama-i-stereotipima-o-romima\/","title":{"rendered":"Udru\u017eenje &#8220;Otaharin&#8221; iz Bijeljine: Ja\u010damo svijest o predrasudama i stereotipima o Romima"},"content":{"rendered":"\n<p>Udru\u017eenje &#8220;Otaharin&#8221; iz Bijeljine od formiranja 2005. godine radi na kreiranju boljih uslova i pru\u017eanju podr\u0161ke da se romskoj djeci omogu\u0107i uklju\u010divanje u obrazovni sistem, prenosi Anadolu Agency (AA).<\/p>\n\n\n\n<p>Iako je osnovno obrazovanje u BiH obavezno, a zakoni jednaki za sve zadaci koje je udru\u017eenje pred sebe postavilo pokazali su se te\u017eim nego \u0161to je to u po\u010detku izgledalo.<\/p>\n\n\n\n<p>Na putu koji je bio pred njima suo\u010dili su se sa raznim problemima. Iako je broj odustajanja romske djece od osnovnog obrazovanja bio alarmantan institucije nisu pokazivale pretjerano interesovanje da se pozabave uzrocima niti da se uspostavi sistemski odgovor na problematiku ranog odustajanja od obrazovanja romske djece.<\/p>\n\n\n\n<p>Svakim radnim danom, predstavnicima udru\u017eenja postajalo je jasnije da ne mogu samo biti fokusirani na inkluziju djece u obrazovni sistem te da su problem ove marginalizirane skupine bh. dru\u0161tva daleko ve\u0107i te da je neophodno identifikovati uzroke i provodite intervencije koje \u0107e biti usmjerene na eliminaciju uzroka, a ne samo na saniranje posljedica.<\/p>\n\n\n\n<p>&#8220;Romska zajednica u Bijeljini je jedna od najve\u0107ih romskih zajednica u BiH i dijeli sudbinu svojih sunarodnika \u0161irom Evrope i svijeta. Posve\u0107eni rad na omogu\u0107avanju kvalitetnijih \u017eivotnih uslova, omogu\u0107io nam je da shvatimo u kojoj mjeri je romskoj zajednici zajednica isklju\u010dena te koliko su veliki problemi Roma i Romkinja u na\u0161oj zemlji&#8221;, rekao je Dragan Jokovi\u0107, izvr\u0161ni direktor UG &#8220;Otaharin&#8221;.<\/p>\n\n\n\n<p>Kako je kazao, svjesni \u010dinjenice da \u0107e obrazovanje djeci omogu\u0107iti perspektivniji \u017eivot, shvatili su i u koliko ekstremnom siroma\u0161tvu \u017eive romska djeca &#8211; bez osnovnih uslova za \u017eivot, koliko su \u010desto izlo\u017eena porodi\u010dnom ili nasilju u \u0161kolskoj klupi.<\/p>\n\n\n\n<p>&#8220;Stoga smo fokus sa inkluzivnog obrazovanja pro\u0161irili na integrativni pristup uklju\u010divanju Roma i Romkinja u \u017eivotne tokove&#8221;, izjavio je Jokovi\u0107.<\/p>\n\n\n\n<p>Posljednjih desetak godina &#8220;Otaharin&#8221; usmjerava projekte i aktivnosti na sve probleme romske zajednice u Bijeljini &#8211; od obrazovanja, stambenog zbrinjavanja, pristupa zdravstvenoj za\u0161titi i zapo\u0161ljavanja s posebnim akcentom na za\u0161titu bezbjednosti djece i ekonomsko osna\u017eivanje \u017eena.<\/p>\n\n\n\n<p>&#8220;Maksimalno smo posve\u0107eni i za\u0161titi ljudskih prava, posebno \u017eena koje su \u017ertve rodno zasnovanog nasilja. Svakodnevno ja\u010damo svijest gra\u0111ana i institucija o predrasudama i stereotipima o Romima&#8221;, istakao je Jokovi\u0107.<\/p>\n\n\n\n<p>Formirali su i Dnevni centar za djecu koji pru\u017ea \u0161iroki spektar socijalnih usluga \u010dlanovima romske zajednice od jednog obroka dnevno, podr\u0161ke u u\u010denju, radionica, psihosocijalne podr\u0161ke i savjetovanja, besplatnih ud\u017ebenika, \u0161kolskog materijala, pravne pomo\u0107i, medijacije u zajednici do odr\u017eavanja li\u010dne higijene i pranja ve\u0161a.<\/p>\n\n\n\n<p>&#8220;Na godi\u0161njem nivou na\u0161 Dnevni centra pru\u017ei oko 6.500 razli\u010ditih socijalnih usluga i ve\u0107 uveliko prerasta u pravi Community Centar koji je otvoren za sve \u010dlanove romske zajednice&#8221;, naglasio je Jokovi\u0107.<\/p>\n\n\n\n<p>&#8220;Otaharin&#8221; ima 21 uposlenika i dva povremeno anga\u017eovana saradnika od kojih su 10 Romi i Romkinje, a \u010dak njih \u010detiri su bili djeca iz prvih generacija koje je &#8220;Otaharin&#8221; podr\u017eavao 2005. godine.<\/p>\n\n\n\n<p>Udru\u017eenje je dva puta dobilo nagradu Evropske komisije za najbolje projekte koji su usmjeren na uklju\u010divanje Roma i Romkinja te nagradu UEFE-e za projekat koji doprinosi unapre\u0111enju inkluzije kroz sport.<\/p>\n\n\n\n<p>Jedna od posebno zna\u010dajnih primjera u kojoj mjeri ovo udru\u017eenje doprinosi pobolj\u0161anju kvalitete \u017eivota Roma i Romkinja svih uzrasta je i \u017eivotna pri\u010da uposlenice &#8220;Otaharin&#8221; Sanite Smaji\u0107.<\/p>\n\n\n\n<p>Ro\u0111ena je 1995. godine i pripada prvoj generaciji djece koja su od osnivanja &#8220;Otaharaina&#8221; postala korisnici usluga i podr\u0161ke udru\u017eenja. Zavr\u0161ila je osnovnu i srednju \u0161kolu u Bijeljini, a trenutno studira na Pedago\u0161kom fakultetu Univerziteta Isto\u010dno Sarajevo.<\/p>\n\n\n\n<p>U toku i po zavr\u0161etku srednje \u0161kole je po\u010dela aktivno da volontira u udru\u017eenju, a od decembra 2021. godine je zaposlena u njemu kao programska radnica zadu\u017eena za podr\u0161ku obrazovanju.<\/p>\n\n\n\n<p>&#8220;Bez podr\u0161ke &#8220;Otaharina&#8221; ne bih bila u mogu\u0107nosti da ostvarim svoje snove. Posebnu radost mi pri\u010dinjava prilika da radim s romskom djecom koja su u stanju socijane potrebe i \u010diji roditelji nemaju mogu\u0107nosti da podr\u017ee njihovo obrazovanje. Svako nau\u010deno slovo, svaka pozitiva ocjena, svaki uspjeh ove djece je za mene velika nagrada. Trudim se da im i li\u010dnim primjerom poka\u017eem da je mogu\u0107e uspjeti i ostvariti snove \u010dak i kada \u017eivotne prilike nisu na va\u0161oj strani i da je podr\u0161ka Udru\u017eenja &#8216;Otaharin&#8217; ne\u0161to na \u0161ta se mogu osloniti&#8221;, kazala je Sanita.<\/p>\n","protected":false},"excerpt":{"rendered":"<p>Udru\u017eenje &#8220;Otaharin&#8221; iz Bijeljine od formiranja 2005. godine radi na kreiranju boljih uslova i pru\u017eanju podr\u0161ke da se romskoj djeci omogu\u0107i uklju\u010divanje u obrazovni sistem, prenosi Anadolu Agency (AA). Iako je osnovno obrazovanje u BiH obavezno, a zakoni jednaki za sve zadaci koje je udru\u017eenje pred sebe postavilo pokazali su se te\u017eim nego \u0161to je [&hellip;]<\/p>\n","protected":false},"author":59,"featured_media":25451,"comment_status":"closed","ping_status":"closed","sticky":false,"template":"","format":"standard","meta":{"inline_featured_image":false,"footnotes":""},"categories":[46],"tags":[],"class_list":{"0":"post-25450","1":"post","2":"type-post","3":"status-publish","4":"format-standard","5":"has-post-thumbnail","7":"category-kultura"},"acf":[],"_links":{"self":[{"href":"https:\/\/tvsensor.com\/api\/wp\/v2\/posts\/25450","targetHints":{"allow":["GET"]}}],"collection":[{"href":"https:\/\/tvsensor.com\/api\/wp\/v2\/posts"}],"about":[{"href":"https:\/\/tvsensor.com\/api\/wp\/v2\/types\/post"}],"author":[{"embeddable":true,"href":"https:\/\/tvsensor.com\/api\/wp\/v2\/users\/59"}],"replies":[{"embeddable":true,"href":"https:\/\/tvsensor.com\/api\/wp\/v2\/comments?post=25450"}],"version-history":[{"count":1,"href":"https:\/\/tvsensor.com\/api\/wp\/v2\/posts\/25450\/revisions"}],"predecessor-version":[{"id":25452,"href":"https:\/\/tvsensor.com\/api\/wp\/v2\/posts\/25450\/revisions\/25452"}],"wp:featuredmedia":[{"embeddable":true,"href":"https:\/\/tvsensor.com\/api\/wp\/v2\/media\/25451"}],"wp:attachment":[{"href":"https:\/\/tvsensor.com\/api\/wp\/v2\/media?parent=25450"}],"wp:term":[{"taxonomy":"category","embeddable":true,"href":"https:\/\/tvsensor.com\/api\/wp\/v2\/categories?post=25450"},{"taxonomy":"post_tag","embeddable":true,"href":"https:\/\/tvsensor.com\/api\/wp\/v2\/tags?post=25450"}],"curies":[{"name":"wp","href":"https:\/\/api.w.org\/{rel}","templated":true}]}}