{"id":25444,"date":"2021-03-19T17:19:07","date_gmt":"2021-03-19T16:19:07","guid":{"rendered":"https:\/\/senzor.ba\/?p=25444"},"modified":"2024-01-15T21:39:20","modified_gmt":"2024-01-15T20:39:20","slug":"25444-2","status":"publish","type":"post","link":"https:\/\/tvsensor.com\/clanak\/25444-2\/","title":{"rendered":"Novi uspjeh mlade pjesnikinje Aleksandre Mraki\u0107"},"content":{"rendered":"\n<p>Mlada pjesnikinja iz Bosanske Gradi\u0161ke Aleksandra Mraki\u0107 sa svojom pjesmom \u201cBosna i Hercegovina \u2013 moja domovina\u201d plasirala se me\u0111u deset najboljih na Me\u0111unarodnom konkursu \u0161vicarske nevladine organizacije. <\/p>\n\n\n\n<p>U nastavku pro\u010ditajte ovu dirljivu pjesmu.<\/p>\n\n\n\n<p>BOSNA I HERCEGOVINA \u2013 MOJA DOMOVINA<\/p>\n\n\n\n<p>Bosna i Hercegovina,<br>to je moja domovina,<br>tu je moja djedovina,<br>tu je moja o\u010devina.<\/p>\n\n\n\n<p>Od Kulina, slavnog bana,<br>pa sve do dana\u0161njih dana,<br>napadana sa svih strana,<br>al\u2019 ostala postojana.<\/p>\n\n\n\n<p>Bo\u0161njaci, Srbi i Hrvati,<br>svi morate dobro znati:<br>Bosna nam je svima mati<br>koju treba po\u0161tovati!<br>Po\u0161tovati i voljeti,<br>svakoj muci odoljeti!<br>Ako zlotvor zaprijeti,<br>za nju \u0107emo i umrijeti!<\/p>\n\n\n\n<p>I ostali svi gra\u0111ani,<br>na\u0161e Bosne dr\u017eavljani,<br>ne smiju nam biti strani<br>ve\u0107 potpuno ravnopravni.<br>Ako narod to ne shvati<br>\u2013 uludo \u0107e ratovati,<br>ginuti i strahovati,<br>nikad mira ne imati!<br>Vi, du\u0161mani, dobro znajte :<br>na\u0161u Bosnu ne dirajte!<br>mo\u017eda ona vama smeta,<br>al\u2019 je zato nama sveta!!!<\/p>\n\n\n\n<p>Bosno, majko, zemljo mila,<br>uvijek si nam draga bila.<br>mnogo puta krvarila,<br>al\u2019 slobodu ostvarila!<br>Neka \u010duje sva planeta:<br>Dok je vijeka i svijeta,<br>na\u0161a BOSNA \u0107e da cvjeta,<br>zemlja mila, zemlja sveta!!!<\/p>\n","protected":false},"excerpt":{"rendered":"<p>Mlada pjesnikinja iz Bosanske Gradi\u0161ke Aleksandra Mraki\u0107 sa svojom pjesmom \u201cBosna i Hercegovina \u2013 moja domovina\u201d plasirala se me\u0111u deset najboljih na Me\u0111unarodnom konkursu \u0161vicarske nevladine organizacije. U nastavku pro\u010ditajte ovu dirljivu pjesmu. BOSNA I HERCEGOVINA \u2013 MOJA DOMOVINA Bosna i Hercegovina,to je moja domovina,tu je moja djedovina,tu je moja o\u010devina. Od Kulina, slavnog bana,pa [&hellip;]<\/p>\n","protected":false},"author":59,"featured_media":25446,"comment_status":"closed","ping_status":"closed","sticky":false,"template":"","format":"standard","meta":{"inline_featured_image":false,"footnotes":""},"categories":[49,69],"tags":[],"class_list":{"0":"post-25444","1":"post","2":"type-post","3":"status-publish","4":"format-standard","5":"has-post-thumbnail","7":"category-knjizevni-kutak","8":"category-ponos-bih"},"acf":[],"_links":{"self":[{"href":"https:\/\/tvsensor.com\/api\/wp\/v2\/posts\/25444","targetHints":{"allow":["GET"]}}],"collection":[{"href":"https:\/\/tvsensor.com\/api\/wp\/v2\/posts"}],"about":[{"href":"https:\/\/tvsensor.com\/api\/wp\/v2\/types\/post"}],"author":[{"embeddable":true,"href":"https:\/\/tvsensor.com\/api\/wp\/v2\/users\/59"}],"replies":[{"embeddable":true,"href":"https:\/\/tvsensor.com\/api\/wp\/v2\/comments?post=25444"}],"version-history":[{"count":2,"href":"https:\/\/tvsensor.com\/api\/wp\/v2\/posts\/25444\/revisions"}],"predecessor-version":[{"id":25449,"href":"https:\/\/tvsensor.com\/api\/wp\/v2\/posts\/25444\/revisions\/25449"}],"wp:featuredmedia":[{"embeddable":true,"href":"https:\/\/tvsensor.com\/api\/wp\/v2\/media\/25446"}],"wp:attachment":[{"href":"https:\/\/tvsensor.com\/api\/wp\/v2\/media?parent=25444"}],"wp:term":[{"taxonomy":"category","embeddable":true,"href":"https:\/\/tvsensor.com\/api\/wp\/v2\/categories?post=25444"},{"taxonomy":"post_tag","embeddable":true,"href":"https:\/\/tvsensor.com\/api\/wp\/v2\/tags?post=25444"}],"curies":[{"name":"wp","href":"https:\/\/api.w.org\/{rel}","templated":true}]}}