{"id":25414,"date":"2021-03-19T12:10:21","date_gmt":"2021-03-19T11:10:21","guid":{"rendered":"https:\/\/senzor.ba\/?p=25414"},"modified":"2024-01-15T21:39:20","modified_gmt":"2024-01-15T20:39:20","slug":"sarajevo-obiljezena-25-godisnjica-reintegracije-naselja-grbavica-kovacici-i-vraca","status":"publish","type":"post","link":"https:\/\/tvsensor.com\/clanak\/sarajevo-obiljezena-25-godisnjica-reintegracije-naselja-grbavica-kovacici-i-vraca\/","title":{"rendered":"Sarajevo: Obilje\u017eena 25. godi\u0161njica reintegracije naselja Grbavica, Kova\u010di\u0107i i Vraca"},"content":{"rendered":"\n<p>Polaganjem cvije\u0107a, u\u010denjem Fatihe i minutom \u0161utnje na spomen-obilje\u017eju na Mostu Suade Dilberovi\u0107 i Olge Su\u010di\u0107 po\u010delo je obilje\u017eavanje 25. godi\u0161njice reintegracije sarajevskih naselja Grbavica, Kova\u010di\u0107i i Vraca, javlja Anadolu Agency (AA).<\/p>\n\n\n\n<p>Povratkom naselja Grbavica, Kova\u010di\u0107i i Vraca na dana\u0161nji dan prije 25 godina, pod okrilje Sarajeva zavr\u0161en je proces reintegracije podru\u010dja koja su po Dejtonskom mirovnom sporazumu pripala glavnom gradu Bosne i Hercegovine.<\/p>\n\n\n\n<p>Na\u010delnik op\u0107ine Novo Sarajevo Hasan Tanovi\u0107 podsjetio je da se danas obilje\u017eava 25 godina reintegracije Grbavice, Vraca i Kova\u010di\u0107a.<\/p>\n\n\n\n<p>&#8220;Obilje\u017eavanje tog dana, koji je u biti sve\u010dani dan i ne\u0161to \u0161to je na zadovoljstvo, ponos i sre\u0107u svih gra\u0111ana grada Sarajeva, zapo\u010deli smo odavanjem po\u010dasti za jedne od prvih \u017ertava agresije na BiH, to su Suada Dilberovi\u0107 i Olga Su\u010di\u0107&#8221;, pojasnio je Tanovi\u0107.<\/p>\n\n\n\n<p>Kako je kazao, dan reintegracije Grbavice, Kova\u010di\u0107a i Vraca je dan koji \u0107e ostati duboko urezan u sje\u0107anje svih onih koji su te 1996. godine bili dio tih procesa.<\/p>\n\n\n\n<p>&#8220;A najvi\u0161e \u0107e ostati u pam\u0107enju onim ljudima koji su stanovnici Grbavice i koji su, uslovno re\u010deno, zbog ratnih dejstava bili prognani, protjerani i interno raseljeni u drugi dijelovima Sarajeva ili Kantona. Ovaj dan je od velike va\u017enosti za op\u0107inu Novo Sarajevo&#8221;, rekao je Tanovi\u0107.<\/p>\n\n\n\n<p>Podsjetio je da se obilje\u017eavanje ove godine organizuje u skladu sa mjerama koje su uvedene u cilju suzbijanja \u0161irenja nove vrste koronavirusa.<\/p>\n\n\n\n<p>&#8220;Sje\u0107anje na bitne historijske trenutke i za op\u0107inu i za grad Sarajevo moramo njegovati. To je na\u0161a du\u017enost, obaveza, to moramo zbog sebe i budu\u0107ih generacija da nam se ove stvari vi\u0161e nikada ne ponove&#8221;, poru\u010dio je Tanovi\u0107.<\/p>\n\n\n\n<p>Riad Idrizovi\u0107, \u0161ef kluba vije\u0107nika Narod i pravda u Op\u0107inskom vije\u0107u Novo Sarajevo, naglasio je da je izuzetno zna\u010dajno da mladi danas budu tu kako bi se njegovala kultura sje\u0107anja na nevino stradale tokom agresije na BiH.<\/p>\n\n\n\n<p>&#8220;Izuzetno je bitno da vi\u0161e pri\u010daju na\u0161e starije kolege koje su to do\u017eivjele i vi\u0161e znaju od nas, da nas u\u010de o tome kako bi nove generacije mogle u\u010diti u cilju da se vi\u0161e nikada i nikome ne ponovi&#8221;, izjavio je Idrizovi\u0107.<\/p>\n\n\n\n<p>O zna\u010daju ovog datuma govorio je i Galib Kulovac, dugogodi\u0161nji \u010dlan i predsjednik Organizacionog odbora za obilje\u017eavanje 19. marta.<\/p>\n\n\n\n<p>&#8220;Ovo nije samo dan stanovnika Grbavice nego dan dan kada se Grbavica vratila tamo gdje joj je mjesto &#8211; gradu Sarajevu. Prije 25 godina, kada smo u\u0161li u Grbavicu, to se ne mo\u017ee zaboraviti&#8221;, kazao je Kulovac.<\/p>\n\n\n\n<p>Prisjetio se da nisu znali \u0161ta \u0107e ih \u010dekat kada do\u0111u u ovo sarajevsko naselje.<\/p>\n\n\n\n<p>&#8220;Nakon \u010detiri godine bila je to pusto\u0161. Grbavica je nakon 25 godina zaista jedno ugodno mjesto za \u017eivot&#8221;, dodao je Kulovac.<\/p>\n\n\n\n<p>U okviru obilje\u017eavanja 25. godi\u0161njice reintegracije pomenutih naselja planirano je i polaganje cvije\u0107a i odavanje po\u010dasti \u0161ehidima i poginulim borcima na \u0160ehidskom mezarju Kova\u010di, spomen-parku Vraca, spomen-obilje\u017eju Gornji Kova\u010di\u0107i i Grbavica, te na spomen-obilje\u017eju logora\u0161ima na Grbavici.<\/p>\n\n\n\n<p>Nakoliko mjeseci nakon potpisivanja Dejtonskog mirovnog sporazuma kojim je okon\u010dan rat u Bosni i Hercegovini i prekinuta skoro \u010detverogodi\u0161nja opsada Sarajeva, 19. marta 1996. godine pripadnici sigurnosnih snaga Federacije BiH u\u0161li su u naselja Grbavica, Kova\u010di\u0107i i Vraca. Ovim \u010dinom ta naselja su nakon skoro \u010detverogodi\u0161nje okupacije od strane agresora, ponovo vra\u0107ena u sastav sarajevske op\u0107ine Novo Sarajevo.<\/p>\n\n\n\n<p>Dan reintegracije sarajevskih naselja Grbavica, Kova\u010di\u0107i i Vraca, 19. mart, ujedno je i Dan mjesnih zajednica Grbavica I, Grbavica II, Kova\u010di\u0107i, Vraca i Gornji Kova\u010di\u0107i.<\/p>\n","protected":false},"excerpt":{"rendered":"<p>Polaganjem cvije\u0107a, u\u010denjem Fatihe i minutom \u0161utnje na spomen-obilje\u017eju na Mostu Suade Dilberovi\u0107 i Olge Su\u010di\u0107 po\u010delo je obilje\u017eavanje 25. godi\u0161njice reintegracije sarajevskih naselja Grbavica, Kova\u010di\u0107i i Vraca, javlja Anadolu Agency (AA). Povratkom naselja Grbavica, Kova\u010di\u0107i i Vraca na dana\u0161nji dan prije 25 godina, pod okrilje Sarajeva zavr\u0161en je proces reintegracije podru\u010dja koja su po [&hellip;]<\/p>\n","protected":false},"author":59,"featured_media":25415,"comment_status":"closed","ping_status":"closed","sticky":false,"template":"","format":"standard","meta":{"inline_featured_image":false,"footnotes":""},"categories":[47],"tags":[],"class_list":{"0":"post-25414","1":"post","2":"type-post","3":"status-publish","4":"format-standard","5":"has-post-thumbnail","7":"category-historija"},"acf":[],"_links":{"self":[{"href":"https:\/\/tvsensor.com\/api\/wp\/v2\/posts\/25414","targetHints":{"allow":["GET"]}}],"collection":[{"href":"https:\/\/tvsensor.com\/api\/wp\/v2\/posts"}],"about":[{"href":"https:\/\/tvsensor.com\/api\/wp\/v2\/types\/post"}],"author":[{"embeddable":true,"href":"https:\/\/tvsensor.com\/api\/wp\/v2\/users\/59"}],"replies":[{"embeddable":true,"href":"https:\/\/tvsensor.com\/api\/wp\/v2\/comments?post=25414"}],"version-history":[{"count":1,"href":"https:\/\/tvsensor.com\/api\/wp\/v2\/posts\/25414\/revisions"}],"predecessor-version":[{"id":25416,"href":"https:\/\/tvsensor.com\/api\/wp\/v2\/posts\/25414\/revisions\/25416"}],"wp:featuredmedia":[{"embeddable":true,"href":"https:\/\/tvsensor.com\/api\/wp\/v2\/media\/25415"}],"wp:attachment":[{"href":"https:\/\/tvsensor.com\/api\/wp\/v2\/media?parent=25414"}],"wp:term":[{"taxonomy":"category","embeddable":true,"href":"https:\/\/tvsensor.com\/api\/wp\/v2\/categories?post=25414"},{"taxonomy":"post_tag","embeddable":true,"href":"https:\/\/tvsensor.com\/api\/wp\/v2\/tags?post=25414"}],"curies":[{"name":"wp","href":"https:\/\/api.w.org\/{rel}","templated":true}]}}