{"id":25411,"date":"2021-03-19T12:07:03","date_gmt":"2021-03-19T11:07:03","guid":{"rendered":"https:\/\/senzor.ba\/?p=25411"},"modified":"2024-01-15T21:39:20","modified_gmt":"2024-01-15T20:39:20","slug":"dzuma-namaz-u-zemljama-regije-u-skladu-sa-epidemioloskim-mjerama","status":"publish","type":"post","link":"https:\/\/tvsensor.com\/clanak\/dzuma-namaz-u-zemljama-regije-u-skladu-sa-epidemioloskim-mjerama\/","title":{"rendered":"D\u017euma-namaz u zemljama regije u skladu sa epidemiolo\u0161kim mjerama"},"content":{"rendered":"\n<p>Zbog pogor\u0161ane epidemiolo\u0161ke situacije u nekim zemljama regiona muslimani danas ne\u0107e mo\u0107i prisustvovati d\u017euma-namazu, dok \u0107e u nekim zemljama vjernici, ili samo odre\u0111eni broj, mo\u0107i obaviti sedmi\u010dnu molitvu, uz po\u0161tivanje svih epidemiolo\u0161kih mjera, javlja Anadolu Agency (AA).<\/p>\n\n\n\n<p>Uprava za vjerske poslove Rijaseta Islamske zajednice BiH pro\u0161le sedmice je donijela odluku da se d\u017euma-namaz od danas u d\u017eamijama na podru\u010dju Med\u017elisa Islamske zajednice Sarajevo organizuje samo uz prisustvo imama i \u010dlanova d\u017eematskog odbora, te da hatibi (imami) upotpune propis hutbe i poruku na bosanskom jeziku do pet minuta.<\/p>\n\n\n\n<p>Muftija gora\u017edanski Remzija efendija Piti\u0107 kazao je da je na podru\u010dju tog muftijstva donesena odluka da se za d\u017euma-namaz otvore d\u017eamija &#8220;Mufida Sokolovi\u0107a\u201c u d\u017eematu Ba\u0107ci i d\u017eamiju D\u017eelahima u naselju Obarak, kako bi do\u0161lo do rastere\u0107enja u gradskim d\u017eamijama, Kajseriji i Sinan-begovoj d\u017eamiji.<\/p>\n\n\n\n<p>&#8220;Kada je rije\u010d o ostalim muftijstvima u BiH, na snazi je ve\u0107 postoje\u0107a epidemiolo\u0161ka mjera prema kojoj d\u017euma-namazu mo\u017ee prisustvovati maksimalno 30 osoba, uz po\u0161tivanje ostalih mjera koje se odnose na no\u0161enje maske i dr\u017eanje distance&#8221;, kazao je za Anadolu Agency Zijad Sulji\u0107, \u0161ef Odjela za posebne programe Rijaseta.<\/p>\n\n\n\n<p>&#8211; U Crnoj Gori redovno obavljanje d\u017eume i ostalih namaza &#8211;<\/p>\n\n\n\n<p>Iz Islamske zajednice u Crnoj Gori saop\u0161teno je da su sve d\u017eamije na teritoriji dr\u017eave otvorene, kao i da se redovno odr\u017eavaju svi namazi, uklju\u010duju\u0107i i d\u017euma namaz.<\/p>\n\n\n\n<p>&#8220;Po\u0161tujemo epidemiolo\u0161ke mjere koje su na snazi. Obavezno je no\u0161enje za\u0161titne maske, u d\u017eamijama je obavezno dr\u017eanje distance, a trudimo se da skoro svakodnevno radimo dezinfekciju unutra\u0161njosti d\u017eamija&#8221;, kazao je u izjavi za AA Fuad \u010ceki\u0107, sekretar IZ u Crnoj Gori.<\/p>\n\n\n\n<p>Kako bi se smanjio rizik od zaraze koronavirusom, skra\u0107ena je hutba tokom d\u017euma namaza.<\/p>\n\n\n\n<p>&#8211; Hrvatska: D\u017euma uz prisustvo maksimalno 25 vjernika &#8211;<\/p>\n\n\n\n<p>Kada je rije\u010d o Hrvatskoj, na d\u017eumu u Zagreba\u010dkoj d\u017eamiji, pa tako i na sva ostala vjerska okupljanja, dolazi maksimalno 25 vjernika, ovisno o veli\u010dini prostora, a dana\u0161nju hutbu vjernici \u0107e mo\u0107i pratiti u\u017eivo putem video prenosa.<\/p>\n\n\n\n<p>U Hrvatskoj su do 31. marta (o\u017eujka) na snazi postoje\u0107e epidemiolo\u0161ke mjere koje one podrazumijevaju fizi\u010dko distanciranje i izbjegavanje bliskog osobnog kontakta u razmaku od najmanje dva metra u zatvorenom prostoru i 1,5 metar na otvorenom prostoru.<\/p>\n\n\n\n<p>Na snazi je zabrana odr\u017eavanja svih javnih doga\u0111anja i okupljanja na kojima je prisutno vi\u0161e od 25 osoba na jednom mjestu.<\/p>\n\n\n\n<p>&#8211; Srbija: Zatvorene d\u017eamije do pobolj\u0161anja epidemiolo\u0161ke situacije &#8211;<\/p>\n\n\n\n<p>Iz Islamske zajednice Srbije saop\u0161teno je da je donesena odluka o zatvaranju d\u017eamija, te da \u0107e do pobolj\u0161anja epidemiolo\u0161ke situacije, u d\u017eamijama namaz obavljati samo imami i mujezini.<\/p>\n\n\n\n<p>&#8220;U cilju preventivnog delovanja i spre\u010davanja da se zaraza \u0161iri, do pobolj\u0161anja epidemiolo\u0161ke situacije, u d\u017eamijama \u0107e namaz obavljati samo imami i mujezini. Od slu\u017ebenika i vernika se zahteva da u cilju podizanja svesti i spre\u010davanja \u0161irenja koronavirusa po\u0161tuju preporuke Islamske zajednice Srbije i nadle\u017enih institucija Srbije&#8221;, navedeno je u saop\u0161tenju.<\/p>\n\n\n\n<p>Na podru\u010dju Me\u0161ihata Slovenije od ranije je na snazi mjera u okviru koje se zbog epidemiolo\u0161ke situacije u mesd\u017eidima i d\u017eamijama ne obavlja d\u017euma-namaz.<\/p>\n","protected":false},"excerpt":{"rendered":"<p>Zbog pogor\u0161ane epidemiolo\u0161ke situacije u nekim zemljama regiona muslimani danas ne\u0107e mo\u0107i prisustvovati d\u017euma-namazu, dok \u0107e u nekim zemljama vjernici, ili samo odre\u0111eni broj, mo\u0107i obaviti sedmi\u010dnu molitvu, uz po\u0161tivanje svih epidemiolo\u0161kih mjera, javlja Anadolu Agency (AA). Uprava za vjerske poslove Rijaseta Islamske zajednice BiH pro\u0161le sedmice je donijela odluku da se d\u017euma-namaz od danas [&hellip;]<\/p>\n","protected":false},"author":59,"featured_media":25412,"comment_status":"closed","ping_status":"closed","sticky":false,"template":"","format":"standard","meta":{"inline_featured_image":false,"footnotes":""},"categories":[38],"tags":[],"class_list":{"0":"post-25411","1":"post","2":"type-post","3":"status-publish","4":"format-standard","5":"has-post-thumbnail","7":"category-vijesti-iz-bih"},"acf":[],"_links":{"self":[{"href":"https:\/\/tvsensor.com\/api\/wp\/v2\/posts\/25411","targetHints":{"allow":["GET"]}}],"collection":[{"href":"https:\/\/tvsensor.com\/api\/wp\/v2\/posts"}],"about":[{"href":"https:\/\/tvsensor.com\/api\/wp\/v2\/types\/post"}],"author":[{"embeddable":true,"href":"https:\/\/tvsensor.com\/api\/wp\/v2\/users\/59"}],"replies":[{"embeddable":true,"href":"https:\/\/tvsensor.com\/api\/wp\/v2\/comments?post=25411"}],"version-history":[{"count":1,"href":"https:\/\/tvsensor.com\/api\/wp\/v2\/posts\/25411\/revisions"}],"predecessor-version":[{"id":25413,"href":"https:\/\/tvsensor.com\/api\/wp\/v2\/posts\/25411\/revisions\/25413"}],"wp:featuredmedia":[{"embeddable":true,"href":"https:\/\/tvsensor.com\/api\/wp\/v2\/media\/25412"}],"wp:attachment":[{"href":"https:\/\/tvsensor.com\/api\/wp\/v2\/media?parent=25411"}],"wp:term":[{"taxonomy":"category","embeddable":true,"href":"https:\/\/tvsensor.com\/api\/wp\/v2\/categories?post=25411"},{"taxonomy":"post_tag","embeddable":true,"href":"https:\/\/tvsensor.com\/api\/wp\/v2\/tags?post=25411"}],"curies":[{"name":"wp","href":"https:\/\/api.w.org\/{rel}","templated":true}]}}