{"id":25399,"date":"2021-03-19T09:31:04","date_gmt":"2021-03-19T08:31:04","guid":{"rendered":"https:\/\/senzor.ba\/?p=25399"},"modified":"2024-01-15T21:39:21","modified_gmt":"2024-01-15T20:39:21","slug":"pocinju-ekoloske-akcije-u-susret-proljecu","status":"publish","type":"post","link":"https:\/\/tvsensor.com\/clanak\/pocinju-ekoloske-akcije-u-susret-proljecu\/","title":{"rendered":"Po\u010dinju ekolo\u0161ke akcije u susret prolje\u0107u"},"content":{"rendered":"\n<p><strong>Povodom Me\u0111unarodnog dana za\u0161tite \u0161uma, 21. marta, Eko HUB Zenica organizuje danas online javno predavanje<\/strong>&nbsp;\u201e\u0160ume i gradsko zelenilo Zeni\u010dkog podru\u010dja i Bosne i Hercegovine\u201c. Predava\u010d \u0107e biti prof.dr. Dalibor Ballian, redovni profesor \u0160umarskog fakulteta Univerziteta u Sarajevu.<\/p>\n\n\n\n<p>Predavanje,&nbsp;<strong>najavljeno u terminu od 10 do 12 sati, se mo\u017ee pratiti mo\u0107i pratiti pomo\u0107u aplikacije Zoom:<\/strong>&nbsp;VIDEO Meeting ID: 952 0105 6782 Passcode: 613329<\/p>\n\n\n\n<p>Eko HUB Banja Luka \u0107e danas zajedni\u010dki sa PD Kesten iz Dervente \u0107e ozna\u010diti stazu Markovac. Inicijativa se implementira prije obilje\u017eavanja Me\u0111unarodnog dana za\u0161tite \u0161uma (21. marta), kako bi se \u0161eta\u010dima omogu\u0107ilo lak\u0161e snala\u017eenje u prirodi. Staza \u0107e biti ozna\u010dena prirodnim materijalima, te \u0107e biti markirane glavne ta\u010dke na putu od Babinog brda do Bunara Kisele vode, do Djevoja\u010dkog groba i Markovca. Pored staze \u0107e biti postavljene informativne table o najzna\u010dajnijim vrstama drve\u0107a sa ovog podru\u010dja.<\/p>\n\n\n\n<p>U okviru projekta \u201eMisli o prirodi!\u201c, kojeg implementira Centar za promociju civilnog dru\u0161tva (CPCD) iz Sarajeva uz finansijsku podr\u0161ku \u0160vedske, formirano je devet Eko HUBova koji aktivno djeluju na teritoriji ukupno 39 op\u0107ina na podru\u010dju cijele Bosne i Hercegovine. Rad Eko HUBova se temelji na direktnim kontaktima sa gra\u0111anima i gra\u0111ankama, organizacijama civilnog dru\u0161tva, medijima, lokalnim vlastima, kompanijama i \u0161kolama u svom krugu djelovanja.<\/p>\n\n\n\n<p>Uz niz inspirativnih i edukativnih aktivnosti, Eko HUBovi \u0107e aktivno do\u010dekati prolje\u0107e uz obilje\u017eavanje Me\u0111unarodnog dana za\u0161tite \u0161uma &#8211; 21. marta, Svjetskog dana voda &#8211; 22. marta, te Sata za planetu Zemlju &#8211; 27. marta uz sinhronizovani poziv za akciju prema svojim lokalnim zajednicama.<\/p>\n\n\n\n<p><strong>Tako \u0107e 22. marta, povodom Svjetskog dana voda, Eko HUB Zenica posjetiti mjesnu zajednicu Janji\u0107i zbog pokrenute gra\u0111anske inicijative<\/strong>&nbsp;za za\u0161titu Janji\u0107kih slapova &#8211; potpisivanje peticije protiv izgradnje HE Janji\u0107i.<\/p>\n\n\n\n<p>Na Me\u0111unarodni dan za\u0161tite \u0161uma &#8211; 21. marta, Eko HUB Banja Luka organizuje promotivnu akciju \u201ePosadi vo\u0107ku\u201d.<\/p>\n\n\n\n<p><strong>Gra\u0111ani koji posjete banjalu\u010dko izleti\u0161te Banj brdo (\u0160ehitluke) \u0107e od 10 sati, imati priliku preuzeti jednu od 40 sadnica jabuke<\/strong>&nbsp;doma\u0107e autohtone vrste \u201eprijedorske zelenike\u201c, koju \u0107e posaditi u svojim vrtovima, ba\u0161tama, imanjima. Tako\u0111e, svi zainteresovani \u0107e dobiti osnovne informacije &#8211; kako pravilno pripremiti zemlji\u0161te i posaditi vo\u0107ku.<\/p>\n\n\n\n<p>Eko HUB Blagaj organizuje 22. marta u terminu od 10 do 12 sati edukativne prezentacije sa dr.sc Sanelom Ri\u0111anovi\u0107em, profesorom sa odsjeka biologija, na temu \u201eRijeke BiH\u201c, kao i niz edukativnih prezentacija i izlaganja eksperata u oblasti konzervacijske biologije i ekologije. Nakon edukativnih prezentacija previ\u0111ene su izjave za medije na Vrelu Bune, nakon \u010dega slijedi obilazak i performans na Bunskim kanalima sa u\u010desnicima\/ama.<\/p>\n\n\n\n<p><strong>Eko Hub Lakta\u0161i \u0107e 21. marta simboli\u010dno obilje\u017eiti Me\u0111unarodni dan \u0161uma, izvo\u0111enjem radova na lokaciji park \u0161ume koja se nalazi u sklopu Domestica imanja.<\/strong>&nbsp;Ideja je da se park \u0161uma u kona\u010dnici uredi po principu arboretuma, te da se unutar nje postave kako edukativni sadr\u017eaji poput tabli tako i stolovi i klupe da bi se na toj lokaciji mogla izvoditi nastava na otvorenom za djecu, kao i razne edukacije i seminari za odrasle.<\/p>\n\n\n\n<p>Povodom Me\u0111unarodnog dana za\u0161tite \u0161uma, Eko HUB Mostar \u0107e organizovati radnu akciju po\u0161umljavanja gradske trim staze (gradski \u0161umski park poznatiji kao Trimu\u0161a).<\/p>\n\n\n\n<p>Eko HUB Mrkonji\u0107 Grad, koji radi na o\u010duvanju prirode u op\u0107inama \u0160ipovo, Ribnik, Jezero, Glamo\u010d i Mrkonji\u0107 Grad, organizuje akciju \u010di\u0161\u0107enja mjesne zajednice Pecka.<\/p>\n","protected":false},"excerpt":{"rendered":"<p>Povodom Me\u0111unarodnog dana za\u0161tite \u0161uma, 21. marta, Eko HUB Zenica organizuje danas online javno predavanje&nbsp;\u201e\u0160ume i gradsko zelenilo Zeni\u010dkog podru\u010dja i Bosne i Hercegovine\u201c. Predava\u010d \u0107e biti prof.dr. Dalibor Ballian, redovni profesor \u0160umarskog fakulteta Univerziteta u Sarajevu. Predavanje,&nbsp;najavljeno u terminu od 10 do 12 sati, se mo\u017ee pratiti mo\u0107i pratiti pomo\u0107u aplikacije Zoom:&nbsp;VIDEO Meeting ID: [&hellip;]<\/p>\n","protected":false},"author":59,"featured_media":25400,"comment_status":"closed","ping_status":"closed","sticky":false,"template":"","format":"standard","meta":{"inline_featured_image":false,"footnotes":""},"categories":[443,68],"tags":[],"class_list":{"0":"post-25399","1":"post","2":"type-post","3":"status-publish","4":"format-standard","5":"has-post-thumbnail","7":"category-ekologija","8":"category-ljepote-bih"},"acf":[],"_links":{"self":[{"href":"https:\/\/tvsensor.com\/api\/wp\/v2\/posts\/25399","targetHints":{"allow":["GET"]}}],"collection":[{"href":"https:\/\/tvsensor.com\/api\/wp\/v2\/posts"}],"about":[{"href":"https:\/\/tvsensor.com\/api\/wp\/v2\/types\/post"}],"author":[{"embeddable":true,"href":"https:\/\/tvsensor.com\/api\/wp\/v2\/users\/59"}],"replies":[{"embeddable":true,"href":"https:\/\/tvsensor.com\/api\/wp\/v2\/comments?post=25399"}],"version-history":[{"count":2,"href":"https:\/\/tvsensor.com\/api\/wp\/v2\/posts\/25399\/revisions"}],"predecessor-version":[{"id":25402,"href":"https:\/\/tvsensor.com\/api\/wp\/v2\/posts\/25399\/revisions\/25402"}],"wp:featuredmedia":[{"embeddable":true,"href":"https:\/\/tvsensor.com\/api\/wp\/v2\/media\/25400"}],"wp:attachment":[{"href":"https:\/\/tvsensor.com\/api\/wp\/v2\/media?parent=25399"}],"wp:term":[{"taxonomy":"category","embeddable":true,"href":"https:\/\/tvsensor.com\/api\/wp\/v2\/categories?post=25399"},{"taxonomy":"post_tag","embeddable":true,"href":"https:\/\/tvsensor.com\/api\/wp\/v2\/tags?post=25399"}],"curies":[{"name":"wp","href":"https:\/\/api.w.org\/{rel}","templated":true}]}}