{"id":25396,"date":"2021-03-19T09:27:44","date_gmt":"2021-03-19T08:27:44","guid":{"rendered":"https:\/\/senzor.ba\/?p=25396"},"modified":"2024-01-15T21:39:21","modified_gmt":"2024-01-15T20:39:21","slug":"bih-zbog-niskih-temperatura-u-istocnoj-i-centralnoj-bosni-na-snazi-zuti-meteoalarm","status":"publish","type":"post","link":"https:\/\/tvsensor.com\/clanak\/bih-zbog-niskih-temperatura-u-istocnoj-i-centralnoj-bosni-na-snazi-zuti-meteoalarm\/","title":{"rendered":"BiH: Zbog niskih temperatura u isto\u010dnoj i centralnoj Bosni na snazi \u017euti meteoalarm"},"content":{"rendered":"\n<p>Zbog niskih temperatura na podru\u010dju isto\u010dne, jugoisto\u010dne, centralne i jugozapadne Bosne na snazi je \u017euti meteoalarm.<\/p>\n\n\n\n<p>Tako je za livanjsko podru\u010dje prognozirana minimalna temperatura zraka izme\u0111u -9 i -5 stepeni Celzijusa, na sarajevskom podru\u010dju minimalna temperatura zraka izme\u0111u -7 i -4 stepena Celzijusa, a na vi\u0161egradskom i fo\u010danskom podru\u010dju minimalna temperatura vazduha oko -6 stepeni Celzijusa zbog \u010dega je na tim podru\u010djima na snazi \u017euti meteoalarm.<\/p>\n\n\n\n<p>U Bosni je umjereno do prete\u017eno obla\u010dno vrijeme, a u Hercegovini prete\u017eno vedro.<br><br>Temperature zraka u 07 sati iznosila je Bjela\u0161nica -12, Drvar -7, Ivan-sedlo, Livno -6, Sanski Most -4, Biha\u0107, Stolac -3, Bugojno, Grude -2, Sarajevo-Bjelave -1, Zenica 0, Grada\u010dac, Jajce, Tuzla 1, Mostar 3 i Neum 4 stepena Celzijusa.<\/p>\n\n\n\n<p>Atmosferski pritisak u Sarajevu iznosi 939 hPa, za 4 hPa je ni\u017ei od normalnog i lagano opada.<\/p>\n\n\n\n<p>Danas \u0107e u Bosni preovladavati umjereno do prete\u017eno obla\u010dno vrijeme. U Hercegovini sun\u010dano uz malu do umjerenu obla\u010dnost. Poslije podne ponegdje u isto\u010dnim podru\u010djima Bosne je mogu\u0107a slaba ki\u0161a. Vjetar slab do umjeren sjeverni. Dnevna temperatura od 3 do 9, na jugu do 12 stepena Celzijusa.<br><br>U Sarajevu umejereno do prete\u017eno obla\u010dno vrijeme. Dnevna temparatura oko 4 stepena Celzijusa.<\/p>\n","protected":false},"excerpt":{"rendered":"<p>Zbog niskih temperatura na podru\u010dju isto\u010dne, jugoisto\u010dne, centralne i jugozapadne Bosne na snazi je \u017euti meteoalarm. Tako je za livanjsko podru\u010dje prognozirana minimalna temperatura zraka izme\u0111u -9 i -5 stepeni Celzijusa, na sarajevskom podru\u010dju minimalna temperatura zraka izme\u0111u -7 i -4 stepena Celzijusa, a na vi\u0161egradskom i fo\u010danskom podru\u010dju minimalna temperatura vazduha oko -6 stepeni [&hellip;]<\/p>\n","protected":false},"author":59,"featured_media":25397,"comment_status":"closed","ping_status":"closed","sticky":false,"template":"","format":"standard","meta":{"inline_featured_image":false,"footnotes":""},"categories":[38],"tags":[],"class_list":{"0":"post-25396","1":"post","2":"type-post","3":"status-publish","4":"format-standard","5":"has-post-thumbnail","7":"category-vijesti-iz-bih"},"acf":[],"_links":{"self":[{"href":"https:\/\/tvsensor.com\/api\/wp\/v2\/posts\/25396","targetHints":{"allow":["GET"]}}],"collection":[{"href":"https:\/\/tvsensor.com\/api\/wp\/v2\/posts"}],"about":[{"href":"https:\/\/tvsensor.com\/api\/wp\/v2\/types\/post"}],"author":[{"embeddable":true,"href":"https:\/\/tvsensor.com\/api\/wp\/v2\/users\/59"}],"replies":[{"embeddable":true,"href":"https:\/\/tvsensor.com\/api\/wp\/v2\/comments?post=25396"}],"version-history":[{"count":1,"href":"https:\/\/tvsensor.com\/api\/wp\/v2\/posts\/25396\/revisions"}],"predecessor-version":[{"id":25398,"href":"https:\/\/tvsensor.com\/api\/wp\/v2\/posts\/25396\/revisions\/25398"}],"wp:featuredmedia":[{"embeddable":true,"href":"https:\/\/tvsensor.com\/api\/wp\/v2\/media\/25397"}],"wp:attachment":[{"href":"https:\/\/tvsensor.com\/api\/wp\/v2\/media?parent=25396"}],"wp:term":[{"taxonomy":"category","embeddable":true,"href":"https:\/\/tvsensor.com\/api\/wp\/v2\/categories?post=25396"},{"taxonomy":"post_tag","embeddable":true,"href":"https:\/\/tvsensor.com\/api\/wp\/v2\/tags?post=25396"}],"curies":[{"name":"wp","href":"https:\/\/api.w.org\/{rel}","templated":true}]}}