{"id":25392,"date":"2021-03-19T09:24:09","date_gmt":"2021-03-19T08:24:09","guid":{"rendered":"https:\/\/senzor.ba\/?p=25392"},"modified":"2024-01-15T21:39:21","modified_gmt":"2024-01-15T20:39:21","slug":"godisnjica-zatvaranja-zloglasnog-logora-heliodrom-mjesto-stradanja-i-mucenja-neduznih-bosnjaka","status":"publish","type":"post","link":"https:\/\/tvsensor.com\/clanak\/godisnjica-zatvaranja-zloglasnog-logora-heliodrom-mjesto-stradanja-i-mucenja-neduznih-bosnjaka\/","title":{"rendered":"Godi\u0161njica zatvaranja zloglasnog logora Heliodrom: Mjesto stradanja i mu\u010denja nedu\u017enih Bo\u0161njaka"},"content":{"rendered":"\n<p>Po prvi put otkako se zvani\u010dno obilje\u017eava godi\u0161njica zatvaranja logora HVO-a, \u017ertve torture iz Mostara, uglavnom \u010dlanovi Udru\u017eenja logora\u0161a Mostar posjetit \u0107e prostor u kojem su danima mu\u010deni i prebijani \u2013 nekad zloglasni Heliodrom.<\/p>\n\n\n\n<p>Jedan od biv\u0161ih logara\u0161a Emir Hajdarovi\u0107 u razgovoru za Anadolu Agency (AA), podsje\u0107a na psihi\u010dka i fizi\u010dka maltretiranja, na oduzimanje slobode i mogu\u0107nosti \u017eivljenja, te na izgladnjivanja koja su ostavlja posljedice na sve logora\u0161e.<\/p>\n\n\n\n<figure class=\"wp-block-image\"><img decoding=\"async\" src=\"https:\/\/www.aa.com.tr\/uploads\/userFiles\/2ce30255-3163-44ac-8efe-54428a040c56\/20210319_2_47411456_63515659.jpg\" alt=\"\"\/><\/figure>\n\n\n\n<p>\u201cSvi smo \u017ertve politike presu\u0111ene u Haagu 2017, a jedan od sinonima patnje Mostaraca od 1993. je Heliodrom &#8211; mjesto stradanja i mjesto iz kojeg su stotine sugra\u0111ana bje\u017ee\u0107i iz pakla, oti\u0161le u zapadne zemlje. Taj projekat na sre\u0107u nije uspio, mi smo i danas tu, prkosni i ponosni, spremni zemlju graditi zajedno sa pripadnicima svih naroda u njoj. Ranije smo upu\u0107ivali inicijativu ka udru\u017eenjima logora\u0161a koja imaju hrvatski predznak, da zajedno posje\u0107ujemo sva mjesta stradanja, me\u0111utim odgovor nikad nismo dobili. Mi smo spremni pokloniti se \u017ertvama svih logora\u201d, ka\u017ee Hajdarovi\u0107.<\/p>\n\n\n\n<p>Na Heliodrom u kojem je proveo dio vremena u kojem je bio logora\u0161 (ukupno \u010dak 309 dana), nakon rata u Mostaru oti\u0161ao je samo jednom, dok delegacija Udru\u017eenja logora\u0161a nikada do sada nije organizovano oti\u0161la na ovo mjesto.<\/p>\n\n\n\n<figure class=\"wp-block-image\"><img decoding=\"async\" src=\"https:\/\/www.aa.com.tr\/uploads\/userFiles\/2ce30255-3163-44ac-8efe-54428a040c56\/20210319_2_47411456_63515657.jpg\" alt=\"\"\/><\/figure>\n\n\n\n<p>\u201cRanije nisu bili ispunjeni svi uslovi za odlazak delegacije. Nije postojala ni spremnost institucija za to. Mnogi su nas nastojali sprije\u010diti izgovorima kako je to danas mjesto gdje se mladi obrazuju, kako su objekti danas privatizovani i kako su nam za sve potrebne dozvole. Na\u0161a \u017eelja je polo\u017eiti cvije\u0107e pred zgradu koja je u tom vremenu bila \u2018centralni zatvor\u2019. Ona danas ne slu\u017ei ni\u010demu, devastirana je i prazna. Tu \u0107emo se sjetiti poginulih i patnji kroz koje smo pro\u0161li i mi koji smo pre\u017eivjeli, rekao je Hajdarovi\u0107.<\/p>\n\n\n\n<p>Heliodrom je u vremenu hrvatske agresije na Bosnu i Hercegovinu bio sabirni logor takozvane Hrvatske republike Herceg-Bosna. Prema optu\u017enici Me\u0111unarodnog suda za ratne zlo\u010dine na podru\u010dju biv\u0161e Jugoslavije (ICTY), pripadnici HVO-a po\u010deli su dr\u017eati mu\u0161karce bo\u0161nja\u010dke nacionalnosti u logoru od 1993. do aprila 1994. godine, a prethodno su uhap\u0161ene stotine civila koji su \u017eivjeli u zapadnom dijelu grada. Pripadnici HVO-a nisu razlikovali civilne od vojnih zatvorenika, kako bi se civili oslobodili. Stanje u logoru bilo je katastrofalno.<\/p>\n\n\n\n<figure class=\"wp-block-image\"><img decoding=\"async\" src=\"https:\/\/www.aa.com.tr\/uploads\/userFiles\/2ce30255-3163-44ac-8efe-54428a040c56\/20210319_2_47411456_63515660.jpg\" alt=\"\"\/><\/figure>\n\n\n\n<p>Zatvorenici su svakodnevno psihi\u010dki i fizi\u010dki maltretirani, stra\u017eari su ih tukli, a zabilje\u017eeni su i slu\u010dajevi kada su psi \u010duvari pu\u0161tani na neke od njih. Pojedini zatvorenici odvo\u0111eni su u grad kako bi vr\u0161ili prisilni rad poput kopanja rovova, gradnje vojnih utvrda ili skupljanja tijela mrtvih vojnika HVO-a. U najte\u017eim slu\u010dajevima, bili su prisiljeni hodati ispred snaga HVO-a, kao \u017eivi \u0161tit.<\/p>\n\n\n\n<p>Prema podacima Udru\u017eenja logora\u0161a Mostar, kroz logore tzv. Herceg-Bosne &#8211; Heliodrom, Dretelj, Gabela, \u0160iroki Brijeg i druge, pro\u0161lo je preko 20.000 nedu\u017enih mu\u0161karaca, \u017eena i djece. Veliki broj ih je ubijen ili ranjen, a jo\u0161 uvijek se traga za 50 logora\u0161a koji se vode kao nestali.<\/p>\n\n\n\n<p>Ha\u0161ki sud je u novembru 2017. pravomo\u0107no osudio \u010delnike takozvane Herceg-Bosne na ukupno 111 godina zatvora, \u010dime je potvr\u0111ena prvostepena presuda iz 2013. godine.<\/p>\n","protected":false},"excerpt":{"rendered":"<p>Po prvi put otkako se zvani\u010dno obilje\u017eava godi\u0161njica zatvaranja logora HVO-a, \u017ertve torture iz Mostara, uglavnom \u010dlanovi Udru\u017eenja logora\u0161a Mostar posjetit \u0107e prostor u kojem su danima mu\u010deni i prebijani \u2013 nekad zloglasni Heliodrom. Jedan od biv\u0161ih logara\u0161a Emir Hajdarovi\u0107 u razgovoru za Anadolu Agency (AA), podsje\u0107a na psihi\u010dka i fizi\u010dka maltretiranja, na oduzimanje slobode [&hellip;]<\/p>\n","protected":false},"author":59,"featured_media":25393,"comment_status":"closed","ping_status":"closed","sticky":false,"template":"","format":"standard","meta":{"inline_featured_image":false,"footnotes":""},"categories":[47],"tags":[],"class_list":{"0":"post-25392","1":"post","2":"type-post","3":"status-publish","4":"format-standard","5":"has-post-thumbnail","7":"category-historija"},"acf":[],"_links":{"self":[{"href":"https:\/\/tvsensor.com\/api\/wp\/v2\/posts\/25392","targetHints":{"allow":["GET"]}}],"collection":[{"href":"https:\/\/tvsensor.com\/api\/wp\/v2\/posts"}],"about":[{"href":"https:\/\/tvsensor.com\/api\/wp\/v2\/types\/post"}],"author":[{"embeddable":true,"href":"https:\/\/tvsensor.com\/api\/wp\/v2\/users\/59"}],"replies":[{"embeddable":true,"href":"https:\/\/tvsensor.com\/api\/wp\/v2\/comments?post=25392"}],"version-history":[{"count":2,"href":"https:\/\/tvsensor.com\/api\/wp\/v2\/posts\/25392\/revisions"}],"predecessor-version":[{"id":25395,"href":"https:\/\/tvsensor.com\/api\/wp\/v2\/posts\/25392\/revisions\/25395"}],"wp:featuredmedia":[{"embeddable":true,"href":"https:\/\/tvsensor.com\/api\/wp\/v2\/media\/25393"}],"wp:attachment":[{"href":"https:\/\/tvsensor.com\/api\/wp\/v2\/media?parent=25392"}],"wp:term":[{"taxonomy":"category","embeddable":true,"href":"https:\/\/tvsensor.com\/api\/wp\/v2\/categories?post=25392"},{"taxonomy":"post_tag","embeddable":true,"href":"https:\/\/tvsensor.com\/api\/wp\/v2\/tags?post=25392"}],"curies":[{"name":"wp","href":"https:\/\/api.w.org\/{rel}","templated":true}]}}