{"id":25389,"date":"2021-03-19T09:21:10","date_gmt":"2021-03-19T08:21:10","guid":{"rendered":"https:\/\/senzor.ba\/?p=25389"},"modified":"2024-01-15T21:39:21","modified_gmt":"2024-01-15T20:39:21","slug":"df-skandalozna-sutnja-ministrice-turkovic-na-poruke-sa-uzp-zasjedanja-u-neumu","status":"publish","type":"post","link":"https:\/\/tvsensor.com\/clanak\/df-skandalozna-sutnja-ministrice-turkovic-na-poruke-sa-uzp-zasjedanja-u-neumu\/","title":{"rendered":"DF: Skandalozna \u0161utnja ministrice Turkovi\u0107 na poruke sa UZP zasjedanja u Neumu"},"content":{"rendered":"\n<p>Demokratska fronta reagovala je na ju\u010dera\u0161nje izjave na konferenciji &#8220;Transformacijski potencijal euroatlantskih procesa u Bosni i Hercegovini&#8221; u Neumu koju organiziraju Sveu\u010dili\u0161te u Mostaru, Hrvatska akademija za znanost i umjetnost u BiH i Rektorski zbor Republike Hrvatske. IZ DF-a navode da su s ovog doga\u0111aja ministar vanjskih poslova Republike Hrvatske Gordan Grli\u0107 Radman i premijer Republike Hrvatske Andrej Plenkovi\u0107 poslali poruke nepo\u0161tivanja dr\u017eave Bosne i Hercegovine. DF je pozvao ministricu vanjskih poslova Biseru Turkovi\u0107 da se o\u010dituje.<\/p>\n\n\n\n<p>\u201cPotpuno je nedopustivo da ministar vanjskih poslova i premijer susjedne zemlje dr\u017ee lekcije o tome kako treba urediti Izborni zakon Bosne i Hercegovine, posebno kada se ima u vidu da su njihove vizije potpuno identi\u010dne rasisti\u010dkim vizijama o nejednakoj vrijednosti glasova gra\u0111ana koje dolaze iz HDZ-a BiH\u201d, navode iz DF-a.<\/p>\n\n\n\n<p>Poru\u010duju da \u201cIzborni zakon BiH nije pitanje o kojemu \u0107e odlu\u010divati zvani\u010dnici Republike Hrvatske, pogotovo kada se ima u vidu njihovo o\u0161tro protivljenje provo\u0111enju presuda Evropskog suda za ljudska prava, koje nimalo ne idu naruku HDZ-u, niti je pitanje samo pojedinih etni\u010dkih stranaka u BiH\u201d.<\/p>\n\n\n\n<p>\u201cIzborni zakon se mo\u017ee mijenjati tek uz saglasnost svih politi\u010dkih predstavnika gra\u0111ana u BiH. \u0160utnja koju ministrica vanjskih poslova BiH Bisera Turkovi\u0107 ve\u0107 du\u017ee vrijeme prakticira u pogledu nasrtaja zvani\u010dnika Republike Hrvatske na Bosnu i Hercegovinu i na stvari koje su unutra\u0161nje pitanje Bosne i Hercegovine je sklandalozna i nedostojna funkcije koju Turkovi\u0107 obna\u0161a\u201d, navode iz DF-a.<\/p>\n","protected":false},"excerpt":{"rendered":"<p>Demokratska fronta reagovala je na ju\u010dera\u0161nje izjave na konferenciji &#8220;Transformacijski potencijal euroatlantskih procesa u Bosni i Hercegovini&#8221; u Neumu koju organiziraju Sveu\u010dili\u0161te u Mostaru, Hrvatska akademija za znanost i umjetnost u BiH i Rektorski zbor Republike Hrvatske. IZ DF-a navode da su s ovog doga\u0111aja ministar vanjskih poslova Republike Hrvatske Gordan Grli\u0107 Radman i premijer [&hellip;]<\/p>\n","protected":false},"author":59,"featured_media":25390,"comment_status":"closed","ping_status":"closed","sticky":false,"template":"","format":"standard","meta":{"inline_featured_image":false,"footnotes":""},"categories":[234],"tags":[],"class_list":{"0":"post-25389","1":"post","2":"type-post","3":"status-publish","4":"format-standard","5":"has-post-thumbnail","7":"category-politika"},"acf":[],"_links":{"self":[{"href":"https:\/\/tvsensor.com\/api\/wp\/v2\/posts\/25389","targetHints":{"allow":["GET"]}}],"collection":[{"href":"https:\/\/tvsensor.com\/api\/wp\/v2\/posts"}],"about":[{"href":"https:\/\/tvsensor.com\/api\/wp\/v2\/types\/post"}],"author":[{"embeddable":true,"href":"https:\/\/tvsensor.com\/api\/wp\/v2\/users\/59"}],"replies":[{"embeddable":true,"href":"https:\/\/tvsensor.com\/api\/wp\/v2\/comments?post=25389"}],"version-history":[{"count":1,"href":"https:\/\/tvsensor.com\/api\/wp\/v2\/posts\/25389\/revisions"}],"predecessor-version":[{"id":25391,"href":"https:\/\/tvsensor.com\/api\/wp\/v2\/posts\/25389\/revisions\/25391"}],"wp:featuredmedia":[{"embeddable":true,"href":"https:\/\/tvsensor.com\/api\/wp\/v2\/media\/25390"}],"wp:attachment":[{"href":"https:\/\/tvsensor.com\/api\/wp\/v2\/media?parent=25389"}],"wp:term":[{"taxonomy":"category","embeddable":true,"href":"https:\/\/tvsensor.com\/api\/wp\/v2\/categories?post=25389"},{"taxonomy":"post_tag","embeddable":true,"href":"https:\/\/tvsensor.com\/api\/wp\/v2\/tags?post=25389"}],"curies":[{"name":"wp","href":"https:\/\/api.w.org\/{rel}","templated":true}]}}