{"id":25384,"date":"2021-03-19T09:16:38","date_gmt":"2021-03-19T08:16:38","guid":{"rendered":"https:\/\/senzor.ba\/?p=25384"},"modified":"2024-01-15T21:39:21","modified_gmt":"2024-01-15T20:39:21","slug":"nacelnik-opcine-kalesija-potpisao-ugovor-za-realizaciju-projekta-vrijednog-preko-350-hiljada-km","status":"publish","type":"post","link":"https:\/\/tvsensor.com\/clanak\/nacelnik-opcine-kalesija-potpisao-ugovor-za-realizaciju-projekta-vrijednog-preko-350-hiljada-km\/","title":{"rendered":"Na\u010delnik op\u0107ine Kalesija potpisao ugovor za realizaciju projekta vrijednog preko 350 hiljada KM"},"content":{"rendered":"\n<p>Op\u0107inski na\u010delnik Sead D\u017eafi\u0107, sekretar Crvenog kri\u017ea Kalesija Safet \u0160ahmanovi\u0107 te predstavnici \u0160vicarskog Crvenog kri\u017ea potpisali su tripartitni ugovor vrijedan preko 350 hiljada KM. Rije\u010d je o projektu pod nazivom \u201eStaranje i zdravlje\u201c (Njega i pomo\u0107 u ku\u0107i) koji \u0107e se provoditi u naredne \u010detiri godine. <\/p>\n\n\n\n<p>Sveobuhvatna namjera navedenog partnerstva je zajedni\u010dki rad na ciljevima da starije i hroni\u010dno bolesne osobe sa podru\u010dja Kalesije imaju pristup njege i pomo\u0107i u ku\u0107i. Tako\u0111er, starije osobe imaju mogu\u0107nost da se aktivno uklju\u010de i doprinesu inicijativama za unapre\u0111enje polo\u017eaja starijih osoba u zajednicama, kazao je op\u0107inski na\u010delnik Sead D\u017eafi\u0107. <\/p>\n\n\n\n<p>Na\u010delnik je istakao da su donatorska sredstva u ovom projektu preko 205.000 KM, dok \u0107e op\u0107ina u naredne \u010detiri godine sufinansirati sve sa 150.000 KM. Potpisivanje ovakvog ugovora je dokaz da se brinemo o starim osobama i da \u017eelimo da pomognemo da u ku\u0107i dobiju njegu i pomo\u0107 koja im je potrebno, rekao je D\u017eafi\u0107. <\/p>\n\n\n\n<p>Prema rije\u010dima Safeta \u0160ahmanovi\u0107a sekretara Crvenog kri\u017ea Kalesija kroz ovaj projekat bit \u0107e zaposleno i nekoliko osoba sa odgovaraju\u0107im kvalifikacijama sa podru\u010dja na\u0161e op\u0107ine. \u0160ahmanovi\u0107 se zahvalio na\u010delniku za svu podr\u0161ku koju pru\u017ea radu CK kao i za brigu koju vodi o ugro\u017eenim kategorijama stanovni\u0161tva. <\/p>\n\n\n\n<p>Prilikom potpisivanja ugovora, prisutnima se obratila i direktorica za saradnju pri Ambasadi \u0160vicarske u Bosni i Hercegovini Barbara D\u00e4twyler Scheuer koja je kazala da, koriste\u0107i inovativan pristup i znanje i iskustvo iz \u0160vicarske, ovaj projekt primjenjuje novi model ku\u0107ne njege za 1.500 starijih osoba u op\u0107inama i gradovima Br\u010dko, Doboj, Fo\u010da, Kalesija, Lukavac, Prnjavor, \u0160amac, Tuzla, \u017dep\u010de i \u017divinice. <\/p>\n\n\n\n<p>U vremenu u kojem \u017eivimo, suo\u010deni s tranzicijskim promjenama, globalnim ekonomskim i zdravstvenim krizama koje poga\u0111aju naro\u010dito stare i nemo\u0107ne, dobili smo sjajnu priliku da djelujemo na prevazila\u017eenju nekih od navedenih problema \u2013 kazala je direktorica \u0160vicarskog crvenog kri\u017ea u BiH Mihela Hini\u0107. <\/p>\n\n\n\n<p>Tim projektom \u0107e, kako nagla\u0161ava, zajedno sa partnerima raditi na institucionalizaciji brige o starijim osobama, a vode\u0107u ulogu u tom poslu \u0107e preuzeti Dru\u0161tvo Crvenog krsta\/kri\u017ea u BIH.<\/p>\n","protected":false},"excerpt":{"rendered":"<p>Op\u0107inski na\u010delnik Sead D\u017eafi\u0107, sekretar Crvenog kri\u017ea Kalesija Safet \u0160ahmanovi\u0107 te predstavnici \u0160vicarskog Crvenog kri\u017ea potpisali su tripartitni ugovor vrijedan preko 350 hiljada KM. Rije\u010d je o projektu pod nazivom \u201eStaranje i zdravlje\u201c (Njega i pomo\u0107 u ku\u0107i) koji \u0107e se provoditi u naredne \u010detiri godine. Sveobuhvatna namjera navedenog partnerstva je zajedni\u010dki rad na ciljevima [&hellip;]<\/p>\n","protected":false},"author":59,"featured_media":25385,"comment_status":"closed","ping_status":"closed","sticky":false,"template":"","format":"gallery","meta":{"inline_featured_image":false,"footnotes":""},"categories":[43,42],"tags":[],"class_list":{"0":"post-25384","1":"post","2":"type-post","3":"status-publish","4":"format-gallery","5":"has-post-thumbnail","7":"category-bih","8":"category-ekonomija","9":"post_format-post-format-gallery"},"acf":[],"_links":{"self":[{"href":"https:\/\/tvsensor.com\/api\/wp\/v2\/posts\/25384","targetHints":{"allow":["GET"]}}],"collection":[{"href":"https:\/\/tvsensor.com\/api\/wp\/v2\/posts"}],"about":[{"href":"https:\/\/tvsensor.com\/api\/wp\/v2\/types\/post"}],"author":[{"embeddable":true,"href":"https:\/\/tvsensor.com\/api\/wp\/v2\/users\/59"}],"replies":[{"embeddable":true,"href":"https:\/\/tvsensor.com\/api\/wp\/v2\/comments?post=25384"}],"version-history":[{"count":2,"href":"https:\/\/tvsensor.com\/api\/wp\/v2\/posts\/25384\/revisions"}],"predecessor-version":[{"id":25388,"href":"https:\/\/tvsensor.com\/api\/wp\/v2\/posts\/25384\/revisions\/25388"}],"wp:featuredmedia":[{"embeddable":true,"href":"https:\/\/tvsensor.com\/api\/wp\/v2\/media\/25385"}],"wp:attachment":[{"href":"https:\/\/tvsensor.com\/api\/wp\/v2\/media?parent=25384"}],"wp:term":[{"taxonomy":"category","embeddable":true,"href":"https:\/\/tvsensor.com\/api\/wp\/v2\/categories?post=25384"},{"taxonomy":"post_tag","embeddable":true,"href":"https:\/\/tvsensor.com\/api\/wp\/v2\/tags?post=25384"}],"curies":[{"name":"wp","href":"https:\/\/api.w.org\/{rel}","templated":true}]}}