{"id":25364,"date":"2021-03-18T18:54:57","date_gmt":"2021-03-18T17:54:57","guid":{"rendered":"https:\/\/senzor.ba\/?p=25364"},"modified":"2024-01-15T21:39:22","modified_gmt":"2024-01-15T20:39:22","slug":"kod-halima-hindije-nema-nikakvog-ruba-egzistencije","status":"publish","type":"post","link":"https:\/\/tvsensor.com\/clanak\/kod-halima-hindije-nema-nikakvog-ruba-egzistencije\/","title":{"rendered":"Viso\u010danin, otac \u010detiri magistrice, vakif, poljoprivrednik: Kod Halima Hindije nema nikakvog \u2018ruba egzistencije\u2019"},"content":{"rendered":"\n<p><em>\u201eDanas se svako s kim sjedne\u0161 i pri\u010da\u0161 \u017eali kako u na\u0161oj dr\u017eavi ni\u0161ta ne valja, kako je te\u0161ko i kako se jedva \u017eivi. Uvijek se spominje da je ve\u0107ina ljudi na nekakvom rubu egzistencije i svako stalno jadi. Kod mene toga nema, nikad. Vidim da moram raditi, da se moram truditi, a Allah daje\u201c, ka\u017ee Halim Hindija, vakif i poljoprivrednik.<\/em><\/p>\n\n\n\n<p><strong>Jest korona, nije korona<\/strong>&nbsp;<\/p>\n\n\n\n<p>Ro\u0111en sam u Visokom u B. Mahali 1965. godine. O\u017eenjen sam i imam \u010detiri k\u0107erke. Roditelji su mi preselili na ahiret prije sedam mjeseci, i to nas je dobro ra\u017ealostilo jer smo svi skupa bili. Sve vrijeme sam \u017eivio s babom i mamom. Imao sam dvije sestre, jedna je preselila prije tri godine i to mi je mater mnogo nasekiralo, zbog toga se i razboljela. Otac je bio dobrog zdravlja, jak, pomagao nam je sve \u0161to je trebalo. Imao sam svoju farmu krava, u posljednje vrijeme smo dosta smanjili. Babo se brinuo oko svega toga, evo danas, kada se vratim ku\u0107i, sve je na meni, nema nikoga da pripomogne. Babo je nekakvu sjenu imao na plu\u0107ima i u posljednje mu se vrijeme kisik u organizmu po\u010deo smanjivati. Posljednjih desetak dana je ba\u0161 onako bio bolestan, odveli smo ga doktoru, tri puta su ga testirali i bio je negativan na koronu. Kada sam sre\u0111ivao papire da ga prebacim iz Zenice u Visoko kako bismo ga tu ukopali, na papirima pi\u0161e \u201ckorona\u201d. Ja im govorim: \u201cLjudi moji, kakva korona, tri ste ga puta testirali i svaki je put bio negativan.\u201d Oti\u0161ao sam na\u010delnici i objasnio o \u010demu je rije\u010d, ona je zaista odmah sve sredila da se napi\u0161e da je bio negativan na koronu i da se d\u017eenaza normalno obavi.<\/p>\n\n\n\n<p><strong>Ako tra\u017ei\u0161 hod\u017eu, na\u0107i \u0107e\u0161 ga u Mokronozima<\/strong>&nbsp;<\/p>\n\n\n\n<p>U na\u0161em d\u017eematu u B. Mahali imamo d\u017eamiju i najja\u010di smo d\u017eemat u na\u0161em selu Mokronozi. U tom d\u017eematu sam glavni mutevelija i brinem se o svemu \u0161to treba. Povrh te d\u017eamije imamo i mesd\u017eid koji smo sagradili mi izme\u0111u sebe. U njemu se klanjaju tri vakta: sabah, ak\u0161am i jacija. Na\u0161a d\u017eamija ima jo\u0161 \u010detiri mesd\u017eida u okolnim zaseocima. Hvala Allahu, imamo dosta djece, vi\u0161e od 200, i sva idu u d\u017eamiju u mekteb. Hod\u017ea tu godinama u\u010di djecu, ba\u0161 ove godine ide u penziju. Izreka je bila: Ako tra\u017ei\u0161 hod\u017eu, efendiju, idi u na\u0161e selo jer \u0107e\u0161 ga tu zasigurno i na\u0107i. Tu su sve bile hod\u017ee i had\u017eije.<\/p>\n\n\n\n<p><strong>\u010cetiri k\u0107erke, \u010detiri magistrice<\/strong><\/p>\n\n\n\n<p>Imam \u010detiri k\u0107erke i sve \u010detiri su magistrirale. Imam unuka Hamzu. Najstarija k\u0107erka mi je udata u Kaknju, radi u Ilija\u0161u u \u0161koli, profesorica je razredne nastave. Druga k\u0107erka zavr\u0161ila je komunikologiju i \u017eurnalistiku, trenutno radi u banci, a ove najmla\u0111e, one su blizankinje, zavr\u0161ile su studij pred\u0161kolskog odgoja, sada rade pripravni\u010dki. One su same htjele da zavr\u0161e \u0161kolu, da studiraju, a ja sam im u tome zaista uvijek bio potpora, i finansijska i moralna. Ja se bavim ovom poljoprivredom, a k\u0107erke su meni u tome uvijek pomagale. Poljoprivredom se bavim cijeli svoj \u017eivot, a od po\u010detka Agresije na Bosnu i Hercegovinu to mi je glavna zanimacija. Imam svoje mu\u0161terije, oni imaju potpuno povjerenje u mene, godine su potrebne da se taj odnos razvije. Trenutno imam tri krave, prije ih je bilo vi\u0161e, ali u posljednje vrijeme sam smanjio. Imamo svoju zemlju, plastenike, na njoj sijemo paradajz, paprike, krastavice, \u0161pinat, krompir, luk, grah, ama sve \u0161to treba i \u0161to uspijeva na na\u0161im prostorima. \u017dito tako\u0111er sijem za svoje potrebe i za stoku, tu su p\u0161enica, je\u010dam, kukuruz, sve se sije. Dolje kraj Bosne dobra je zemlja, plodna, \u0161ta god se posije, to i nikne.<\/p>\n\n\n\n<p><strong>Mutevelija u d\u017eematu<\/strong>&nbsp;<\/p>\n\n\n\n<p>Skoro sam ve\u0107 osam godina mutevelija u na\u0161em d\u017eematu. To je zadu\u017eenje koje zaista s merakom radim. Brinem se o grebljima, o mesd\u017eidima, vodim ra\u010duna o snabdijevanju d\u017eamija i mesd\u017eida ogrjevom, zaista se trudimo da sve funkcionira na najbolji mogu\u0107i na\u010din. Izme\u0111u mesd\u017eida nije velika udaljenost, to smo tako organizirali najvi\u0161e zbog ramazana i teravija, bude tu mnogo svijeta, ne mo\u017ee sve stati u jednu d\u017eamiju. Kako je nastala ova vanredna situacija s koronom, ljudi se zaista pridr\u017eavaju mjera, ali su i d\u017eamija i mesd\u017eidi opet puni. Svijet nije nimalo popustio dolaziti u d\u017eamiju. Imamo dosta i omladine koja ne\u0107e nigdje da ide. Na\u0161e se selo stalno gradi, napreduje i ljudi nekako samo gledaju naprijed.<\/p>\n\n\n\n<p><strong>Raditi se mora, a posla ima<\/strong>&nbsp;<\/p>\n\n\n\n<p>Od poljoprivrede se itekako mo\u017ee lijepo \u017eivjeti. \u010cetiri k\u0107erke sam i\u0161kolovao, a svi smo uvijek radili na polju. Supruga Vahdeta mi je temelj svega ovoga \u0161to radim i ona mi je pomo\u0107 u svakom poslu. U neko sam doba vidio da se od poljoprivrede mo\u017ee itekako lijepo \u017eivjeti i onda sam se toga ba\u0161 ozbiljno prihvatio. Mora se raditi i uvijek ima posla, a gdje to ima da se prima pla\u0107a a da se ne mora raditi?! \u010covjek, ako \u017eeli i ako je u mogu\u0107nosti da radi, sve \u0161to po\u017eeli mo\u017ee ostvariti. Dok su k\u0107erke studirale, kupili smo 2009. godine jedan stan u Ilija\u0161u jer sam vidio da im je tu bli\u017ee da vozare iz Sarajeva, nego da svaki dan dolaze u Visoko. \u010cim smo uzeli taj stan i kada smo ga malo spremili, napravili smo mevlud na koji je do\u0161lo vi\u0161e od stotinu ljudi. Hod\u017ea nije mogao vjerovati kad je vidio koliki se svijet bio skupio.<\/p>\n\n\n\n<figure class=\"wp-block-image\"><img decoding=\"async\" src=\"https:\/\/stav.ba\/dataNews\/7a8780d98c4c463bee86e63c6db16b65.jpg\" alt=\"\"\/><\/figure>\n\n\n\n<p><strong>Tradicija mevluda<\/strong>&nbsp;<\/p>\n\n\n\n<p>U na\u0161em d\u017eematu imamo tradiciju pravljenja mevluda svake godine. Do\u0111e nam po vi\u0161e od 300 ljudi. Mi to sve spremimo, pripremimo hranu, \u0161erbe, pa nam ljudi onda i poslije mevluda svrate na kahvu, sijeli se, muhabeti. Supruga i ja uvijek smo hodali po selima i po mevludima, ali kako je ova korona, i to je mnogo umanjilo. Nedostaju nam mevludi, ogroman je to posao, treba sve pripremiti, a ja u svemu tome zaista u\u017eivam. Tu su i k\u0107erke koje sve poma\u017eu, sve \u0161to treba.<\/p>\n\n\n\n<p><strong>\u010cetiri vakifa<\/strong><\/p>\n\n\n\n<p>Kada mi je otac preselio, Vahdeta je spomenula da za babu rahmetli damo ne\u0161to, da ne\u0161to uvakufimo. Jednu smo no\u0107 oti\u0161li na tevhid u medresu i tu vidjeli plo\u010du donatora, ljudi koji u\u010destvuju u izgradnji novih prostorija medrese u Visokom. Pitao sam D\u017eenana Hand\u017ei\u0107a, direktora medrese, koliko treba dati za izgradnju tog novog objekta u medresi, a on mi je rekao da se najmanje daje tri hiljade maraka kako bi neko bio vakif. Dok sam tu sjedio s njim, nazvao sam k\u0107erku da je upitam koliko imamo na ra\u010dunu novca. Ona mi je kazala da imamo oko \u0161est hiljada i odmah sam tu odlu\u010dio da za mamu i babu damo tri hiljade, a i za suprugu i mene da damo tri, pa da sve \u010detvero budemo vakifi. Tako sam se dogovorio i s direktorom medrese, on je naravno odmah prihvatio. Meni ne treba, a ne treba ni k\u0107erkama, sve su evo ve\u0107 zaposlene, \u0161u\u0107ur Allahu Dragom, imaju svoje poslove. Poma\u017eem jo\u0161 malo ove najmla\u0111e, one su jo\u0161 na pripravni\u010dkom, ali i to \u0107e brzo pro\u0107i.<\/p>\n\n\n\n<p><strong>Kod mene nema nikakvog \u201cruba egzistencije\u201d<\/strong>&nbsp;<\/p>\n\n\n\n<p>Imam svoje ma\u0161ine, kosilice, sve \u0161to treba na polju. Lani sam uzeo novi traktor, malo je bolji od onog \u0161to sam prije njega imao. Danas se svako s kim sjedne\u0161 i pri\u010da\u0161 \u017eali kako u na\u0161oj dr\u017eavi ni\u0161ta ne valja, kako je te\u0161ko i kako se jedva \u017eivi. Uvijek se spominje da je ve\u0107ina ljudi na nekakvom rubu egzistencije i svako stalno jadi. Kod mene toga nema, nikad. Vidim da moram raditi, da se moram truditi, a Allah daje. Isto tako, uvijek pazim da sam u dobrim odnosima sa suprugom, s k\u0107erkama, jer su mi to najve\u0107i oslonci, a za ostalo se ne brinem. Ako do\u0111ete u moje selo i pitate nekoga za mene i za moje k\u0107erke, svako \u0107e vam kazati da moje k\u0107erke uvijek sa mnom idu na polje da rade. Ali, s druge strane, gdje god ima izlet, gdje god treba bilo \u0161ta da babo finansijski podr\u017ei, ja sam uvijek tu. Ako ne\u0107emo raditi, ne\u0107e niko imati i to je tako. Tako\u0111er, kao \u0161to se mora raditi, tako se mora nekada i odahnuti i oti\u0107i na odmor. Dok ova korona nije po\u010dela, svake godine, ili svake druge i\u0161li smo u Tursku na odmor. Na\u0111emo tu jednu kom\u0161inicu koja se brine oko stoke i svega dok nas nema, a mi svi odemo da se malo razrahatimo. K\u0107erke bliznakinje vole crtati, vole i kaligrafiju. \u0160ta god k\u0107erkama treba, ja im to omogu\u0107im, a i one, kada god treba meni pomo\u0107i s poslovima, nikada od toga ne bje\u017ee.<\/p>\n\n\n\n<p><strong>Bo\u0161njaka nema nigdje na dunjaluku<\/strong>&nbsp;<\/p>\n\n\n\n<p>Meni je 56 godina, ali jo\u0161 imam kuveta. Hvala Allahu pa me zdravlje dobro slu\u017ei, a uvijek sam imao volje da radim. Moje je ljeto, u njemu apsolutno u\u017eivam. Ujutro ustanem na sabah, sa sabaha izlazim i do ak\u0161ama vi\u0161e nikako ne ulazim u ku\u0107u. Na polju i doru\u010dkujem i ru\u010dam, tu mi je najljep\u0161e. U ba\u0161\u010di imam sto i klupu, pa tu iza podne nekada malo legnem da odmorim, malo se zadrijema i onda se opet nastavlja s poslom. Milina od \u017eivota. Dva dana dolazim u Sarajevo i tako ve\u0107 dvadeset godina. Tu imam svoje mu\u0161terije, ljude koji mi vjeruju i kojima ja vjerujem, drugo mi ne treba. Vidite, kada me neko pita kako sve sti\u017eem i odakle mi snaga za sve to, ka\u017eem im da treba raditi, ali treba i dosta sloge u svemu \u0161to se radi. Bez sloge nema ni\u010dega, s ljudima se mora uvijek lijepo. Od mojih najbli\u017eih, pa sve do mu\u0161terija, treba sabura i sloge, a onda sve ide kako treba. Na\u0161 je narod fin, \u010desto ka\u017eem da Bo\u0161njaka nema nigdje na dunjaluku.<\/p>\n\n\n\n<figure class=\"wp-block-image\"><img decoding=\"async\" src=\"https:\/\/stav.ba\/dataNews\/709bbaa05e9657c13042878c2bffa4f0.jpg\" alt=\"\"\/><\/figure>\n\n\n\n<p><strong>\u201cStalno ga vi\u0111am po mevludima\u201d<\/strong>&nbsp;<\/p>\n\n\n\n<p>Ubrzo bih trebao i u penziju, sve vrijeme sam ja to sebi upla\u0107ivao. Imam firmu Poljoprivredna proizvodnja \u201cHindija\u201d, neka ima i penzija, ali neka i snage da se mo\u017ee i raditi, da \u010dovjek mo\u017ee sebi zaraditi. Evo vidite, mnogo ljudi napu\u0161ta ovu na\u0161u Bosnu, cijele porodice odlaze. Ja to ne mogu da shvatim. Ali ima ona druga strana o kojoj haman niko nikad ne pri\u010da. Evo, recimo, od moje sestre sin dobar je kerami\u010dar, pravi profesionalac. Zovnu ga da ide u Njema\u010dku, ponude mu dobru pla\u0107u. Oti\u0161ao je, bio je tamo pet ili \u0161est mjeseci, zatim je sjeo na autobus i vratio se u Bosnu. Kada je do\u0161ao, sjeli smo i ja ga pitam \u0161to se vratio, a on mi ka\u017ee: \u201cDaid\u017ea, ja i ovdje, ako ho\u0107u raditi, mogu zaraditi one pare koje sam zara\u0111ivao u Njema\u010dkoj.\u201d A mi smo, dok je on bio u Njema\u010dkoj, ba\u0161 u to vrijeme napravili dva ili tri mevluda, pa mu \u0161aljemo slike, jednom smo mu u\u017eivo pustili da vidi i da \u010duje kako ljudi u\u010de. Onda mi ka\u017ee: \u201cVi tamo da pravite mevlude, a ja ovamo samo da gledam kad \u0107e pro\u0107i dan, hefta i mjesec, da crkavam od muke \u2013 ne mogu.\u201d Sada je otvorio svoju firmu keramike u Bosni i dobro radi, dobro zara\u0111uje, stalno ga vi\u0111am po mevludima.<\/p>\n\n\n\n<p>tvsensor.com\/Stav.ba<\/p>\n","protected":false},"excerpt":{"rendered":"<p>\u201eDanas se svako s kim sjedne\u0161 i pri\u010da\u0161 \u017eali kako u na\u0161oj dr\u017eavi ni\u0161ta ne valja, kako je te\u0161ko i kako se jedva \u017eivi. Uvijek se spominje da je ve\u0107ina ljudi na nekakvom rubu egzistencije i svako stalno jadi. Kod mene toga nema, nikad. Vidim da moram raditi, da se moram truditi, a Allah daje\u201c, [&hellip;]<\/p>\n","protected":false},"author":59,"featured_media":25365,"comment_status":"closed","ping_status":"closed","sticky":false,"template":"","format":"standard","meta":{"inline_featured_image":false,"footnotes":""},"categories":[44],"tags":[],"class_list":{"0":"post-25364","1":"post","2":"type-post","3":"status-publish","4":"format-standard","5":"has-post-thumbnail","7":"category-poljoprivreda"},"acf":[],"_links":{"self":[{"href":"https:\/\/tvsensor.com\/api\/wp\/v2\/posts\/25364","targetHints":{"allow":["GET"]}}],"collection":[{"href":"https:\/\/tvsensor.com\/api\/wp\/v2\/posts"}],"about":[{"href":"https:\/\/tvsensor.com\/api\/wp\/v2\/types\/post"}],"author":[{"embeddable":true,"href":"https:\/\/tvsensor.com\/api\/wp\/v2\/users\/59"}],"replies":[{"embeddable":true,"href":"https:\/\/tvsensor.com\/api\/wp\/v2\/comments?post=25364"}],"version-history":[{"count":6,"href":"https:\/\/tvsensor.com\/api\/wp\/v2\/posts\/25364\/revisions"}],"predecessor-version":[{"id":25372,"href":"https:\/\/tvsensor.com\/api\/wp\/v2\/posts\/25364\/revisions\/25372"}],"wp:featuredmedia":[{"embeddable":true,"href":"https:\/\/tvsensor.com\/api\/wp\/v2\/media\/25365"}],"wp:attachment":[{"href":"https:\/\/tvsensor.com\/api\/wp\/v2\/media?parent=25364"}],"wp:term":[{"taxonomy":"category","embeddable":true,"href":"https:\/\/tvsensor.com\/api\/wp\/v2\/categories?post=25364"},{"taxonomy":"post_tag","embeddable":true,"href":"https:\/\/tvsensor.com\/api\/wp\/v2\/tags?post=25364"}],"curies":[{"name":"wp","href":"https:\/\/api.w.org\/{rel}","templated":true}]}}