{"id":25354,"date":"2021-03-18T17:50:26","date_gmt":"2021-03-18T16:50:26","guid":{"rendered":"https:\/\/senzor.ba\/?p=25354"},"modified":"2024-01-15T21:39:22","modified_gmt":"2024-01-15T20:39:22","slug":"potrebne-hitne-mjere-zbog-porasta-opsteg-siromastva-u-bih","status":"publish","type":"post","link":"https:\/\/tvsensor.com\/clanak\/potrebne-hitne-mjere-zbog-porasta-opsteg-siromastva-u-bih\/","title":{"rendered":"Potrebne hitne mjere zbog porasta op\u0161teg siroma\u0161tva u BiH"},"content":{"rendered":"\n<p><strong>Pandemija uzrokovana koronavirusom je izuzetno pogor\u0161ala socijalnu situaciju u BiH, najugro\u017eenije su osobe s invaliditetom i druge marginalizovane grupe kojim je posebno ote\u017ean pristup zdravstvenim uslugama, a do\u0161lo je i do porasta op\u0161teg siroma\u0161tva, jedan je od zaklju\u010daka danas odr\u017eane \u0161este Konvencije Koalicije marginalizovanih grupa u BiH &#8220;KOMA&#8221; koja broji 119 \u010dlanica &#8211; predstavnika javnog, privatnog i nevladinog sektora kao i pojedinaca u BiH.<\/strong><\/p>\n\n\n\n<p>Zaklju\u010deno je da \u0107e od predstavnika vlasti zahtijevati da organizacije marginaliziranih grupa budu uklju\u010dene u proces implementacije 14 prioriteta, a posebno 13. prioriteta koji se ti\u010de pobolj\u0161anja polo\u017eaja ugro\u017eenih kategorija, a koje je u Mi\u0161ljenju i svom Analiti\u010dkom dodatku u maju 2019. pred BiH postavila Evropska komisija u kontekstu pristupanja EU.<\/p>\n\n\n\n<p>Direktor Inicijative za bolju i humaniju inkluziju (IBHI) i moderator Konvencije \u017darko Papi\u0107 naveo je primjer da je osobama s invaliditeom potrebno da izdvoje vi\u0161e od 10 posto svojih mjese\u010dnih primanja \u2013 invalidnina ako \u017eele se pridr\u017eavaju epidemilo\u0161kih mjera, kupuju maske, dezinfekciona sredstva i vitamine, te podsjetio je da mjese\u010dna invalidnina za 100-postotnog civilnog invalida iznosi prosje\u010dno oko 400 KM.<\/p>\n\n\n\n<p>&#8211; Va\u017eno je razviti mjere podr\u0161ke za osobe s invaliditetom, ina\u010de \u0107e pandemija covid -19 imati najte\u017ee socijalne posljedice po marginalizovane grupe \u2013 navedeno je u zaklju\u010dcima Konvencije.<\/p>\n\n\n\n<p>Tako\u0111e, \u010dlanice Koalicije \u201cKOMA\u201d zahtijevaju formiranje programa zapo\u0161ljavanja marginaliziranih grupa, te izradu zakona i programa razvoja socijalnog preduzetni\u0161tva.<\/p>\n\n\n\n<p>Tokom Konvencije premijerno je emitovan video o ulozi marginaliziranih grupa u BiH u procesu pristupanja EU \u201cGlas do daske!\u201d<\/p>\n\n\n\n<p>Tako\u0111er, predstavljen je i Toolkit webinar \u2013 interaktivni alat za razumijevanje procesa kreiranja zagovara\u010dke kampanje, a predstavljene su i video grafike za promociju Akcionog plana za implementaciju ciljeva Deklaracije marginaliziranih grupa u BiH, saop\u0107eno je iz Koalicije \u201cKOMA\u201d.<\/p>\n","protected":false},"excerpt":{"rendered":"<p>Pandemija uzrokovana koronavirusom je izuzetno pogor\u0161ala socijalnu situaciju u BiH, najugro\u017eenije su osobe s invaliditetom i druge marginalizovane grupe kojim je posebno ote\u017ean pristup zdravstvenim uslugama, a do\u0161lo je i do porasta op\u0161teg siroma\u0161tva, jedan je od zaklju\u010daka danas odr\u017eane \u0161este Konvencije Koalicije marginalizovanih grupa u BiH &#8220;KOMA&#8221; koja broji 119 \u010dlanica &#8211; predstavnika javnog, [&hellip;]<\/p>\n","protected":false},"author":59,"featured_media":25355,"comment_status":"closed","ping_status":"closed","sticky":false,"template":"","format":"standard","meta":{"inline_featured_image":false,"footnotes":""},"categories":[42],"tags":[],"class_list":{"0":"post-25354","1":"post","2":"type-post","3":"status-publish","4":"format-standard","5":"has-post-thumbnail","7":"category-ekonomija"},"acf":[],"_links":{"self":[{"href":"https:\/\/tvsensor.com\/api\/wp\/v2\/posts\/25354","targetHints":{"allow":["GET"]}}],"collection":[{"href":"https:\/\/tvsensor.com\/api\/wp\/v2\/posts"}],"about":[{"href":"https:\/\/tvsensor.com\/api\/wp\/v2\/types\/post"}],"author":[{"embeddable":true,"href":"https:\/\/tvsensor.com\/api\/wp\/v2\/users\/59"}],"replies":[{"embeddable":true,"href":"https:\/\/tvsensor.com\/api\/wp\/v2\/comments?post=25354"}],"version-history":[{"count":1,"href":"https:\/\/tvsensor.com\/api\/wp\/v2\/posts\/25354\/revisions"}],"predecessor-version":[{"id":25356,"href":"https:\/\/tvsensor.com\/api\/wp\/v2\/posts\/25354\/revisions\/25356"}],"wp:featuredmedia":[{"embeddable":true,"href":"https:\/\/tvsensor.com\/api\/wp\/v2\/media\/25355"}],"wp:attachment":[{"href":"https:\/\/tvsensor.com\/api\/wp\/v2\/media?parent=25354"}],"wp:term":[{"taxonomy":"category","embeddable":true,"href":"https:\/\/tvsensor.com\/api\/wp\/v2\/categories?post=25354"},{"taxonomy":"post_tag","embeddable":true,"href":"https:\/\/tvsensor.com\/api\/wp\/v2\/tags?post=25354"}],"curies":[{"name":"wp","href":"https:\/\/api.w.org\/{rel}","templated":true}]}}