{"id":25338,"date":"2021-03-18T14:37:37","date_gmt":"2021-03-18T13:37:37","guid":{"rendered":"https:\/\/senzor.ba\/?p=25338"},"modified":"2024-01-15T21:39:22","modified_gmt":"2024-01-15T20:39:22","slug":"nfografika-turska-obiljezava-dan-sehida-i-106-godisnjicu-pomorske-bitke-na-canakkaleu","status":"publish","type":"post","link":"https:\/\/tvsensor.com\/clanak\/nfografika-turska-obiljezava-dan-sehida-i-106-godisnjicu-pomorske-bitke-na-canakkaleu\/","title":{"rendered":"INFOGRAFIKA &#8211; Turska obilje\u017eava Dan \u0161ehida i 106. godi\u0161njicu pomorske Bitke na Canakkaleu"},"content":{"rendered":"\n<p><em>Iako bez masovnih skupova zbog aktuelnih mjera prevencije \u0161irenja koronavirusa, Dan \u0161ehida i godi\u0161njica pomorske bitke na Galipolju, odnosno Dan pobjede, obilje\u017eava se danas u ve\u0107ini turskih gradova u kojima su delegacije polo\u017eile vijence&#8230;<\/em><\/p>\n\n\n\n<h6 class=\"wp-block-heading\" id=\"h-ankara\">Ankara<\/h6>\n\n\n\n<p>\u0160irom Turske danas se na razli\u010dite na\u010dine obilje\u017eava Dan sje\u0107anja na \u0161ehide i 106. godi\u0161njica pomorske Bitke na Canakkaleu, javlja Anadolu Agency (AA).<\/p>\n\n\n\n<p>U Evropi poznatija kao Bitka na Galipolju, jedna je od najkrvavijih i naj\u017ee\u0161\u0107ih bitaka u Prvom svjetskom ratu ali, po mnogim pokazateljima i u historiji uop\u0161te. <\/p>\n\n\n\n<p>Pomorska bitka koja je izme\u0111u 3. novembra 1914. i 18. marta 1915. godine vo\u0111ena kod Galipolja, kao i kopnena bitka koja se na Galipolju odvijala od 25. aprila 1915. do 9. januara 1916. godine, bitke su koje zauzimaju najzna\u010dajnije mjesto u Turskoj, pa i historiji svih muslimanskih naroda ovoga dijela svijeta.<\/p>\n\n\n\n<p>Iako bez masovnih skupova zbog aktuelnih mjera prevencije \u0161irenja koronavirusa, Dan \u0161ehida i godi\u0161njica pomorske bitke na Galipolju, odnosno Dan pobjede, obilje\u017eava se danas u ve\u0107ini turskih gradova u kojima su delegacije polo\u017eile vijence na spomen obilje\u017eja posve\u0107ena herojima koji su \u017eivote polo\u017eili kao \u0161ehidi na Galipolju.<\/p>\n\n\n\n<figure class=\"wp-block-gallery columns-2 is-cropped wp-block-gallery-1 is-layout-flex wp-block-gallery-is-layout-flex\"><ul class=\"blocks-gallery-grid\"><li class=\"blocks-gallery-item\"><figure><img loading=\"lazy\" decoding=\"async\" width=\"846\" height=\"636\" src=\"https:\/\/tvsensor.com\/wp-content\/uploads\/2021\/03\/thumbs_b2_5feb1c1f131d116be5e195ea872bfd5b.jpg\" alt=\"\" data-id=\"25343\" data-full-url=\"https:\/\/tvsensor.com\/wp-content\/uploads\/2021\/03\/thumbs_b2_5feb1c1f131d116be5e195ea872bfd5b.jpg\" data-link=\"https:\/\/tvsensor.com\/?attachment_id=25343\" class=\"wp-image-25343\" srcset=\"https:\/\/tvsensor.com\/wp-content\/uploads\/2021\/03\/thumbs_b2_5feb1c1f131d116be5e195ea872bfd5b.jpg 846w, https:\/\/tvsensor.com\/wp-content\/uploads\/2021\/03\/thumbs_b2_5feb1c1f131d116be5e195ea872bfd5b-150x113.jpg 150w, https:\/\/tvsensor.com\/wp-content\/uploads\/2021\/03\/thumbs_b2_5feb1c1f131d116be5e195ea872bfd5b-768x577.jpg 768w, https:\/\/tvsensor.com\/wp-content\/uploads\/2021\/03\/thumbs_b2_5feb1c1f131d116be5e195ea872bfd5b-300x226.jpg 300w, https:\/\/tvsensor.com\/wp-content\/uploads\/2021\/03\/thumbs_b2_5feb1c1f131d116be5e195ea872bfd5b-696x523.jpg 696w, https:\/\/tvsensor.com\/wp-content\/uploads\/2021\/03\/thumbs_b2_5feb1c1f131d116be5e195ea872bfd5b-80x60.jpg 80w, https:\/\/tvsensor.com\/wp-content\/uploads\/2021\/03\/thumbs_b2_5feb1c1f131d116be5e195ea872bfd5b-265x198.jpg 265w, https:\/\/tvsensor.com\/wp-content\/uploads\/2021\/03\/thumbs_b2_5feb1c1f131d116be5e195ea872bfd5b-320x240.jpg 320w\" sizes=\"auto, (max-width: 846px) 100vw, 846px\" \/><\/figure><\/li><li class=\"blocks-gallery-item\"><figure><img loading=\"lazy\" decoding=\"async\" width=\"953\" height=\"636\" src=\"https:\/\/tvsensor.com\/wp-content\/uploads\/2021\/03\/thumbs_b2_4d544cbed3b56af1b1e685e174734ed2.jpg\" alt=\"\" data-id=\"25342\" data-full-url=\"https:\/\/tvsensor.com\/wp-content\/uploads\/2021\/03\/thumbs_b2_4d544cbed3b56af1b1e685e174734ed2.jpg\" data-link=\"https:\/\/tvsensor.com\/?attachment_id=25342\" class=\"wp-image-25342\" srcset=\"https:\/\/tvsensor.com\/wp-content\/uploads\/2021\/03\/thumbs_b2_4d544cbed3b56af1b1e685e174734ed2.jpg 953w, https:\/\/tvsensor.com\/wp-content\/uploads\/2021\/03\/thumbs_b2_4d544cbed3b56af1b1e685e174734ed2-150x100.jpg 150w, https:\/\/tvsensor.com\/wp-content\/uploads\/2021\/03\/thumbs_b2_4d544cbed3b56af1b1e685e174734ed2-768x513.jpg 768w, https:\/\/tvsensor.com\/wp-content\/uploads\/2021\/03\/thumbs_b2_4d544cbed3b56af1b1e685e174734ed2-300x200.jpg 300w, https:\/\/tvsensor.com\/wp-content\/uploads\/2021\/03\/thumbs_b2_4d544cbed3b56af1b1e685e174734ed2-696x464.jpg 696w\" sizes=\"auto, (max-width: 953px) 100vw, 953px\" \/><\/figure><\/li><\/ul><\/figure>\n\n\n\n<p>Delegacija provincije Canakkale polo\u017eila je vijenac na spomen obilje\u017eju Mustafe Kemala Ataturka na Trgu Republike.<\/p>\n\n\n\n<p>Ceremonijom intoniranja turske himne i podizanjem zastave odata je po\u010dast \u0161ehidima Canakkalea.<\/p>\n\n\n\n<p>Predsjednik Republike Turske Recep Tayyip Erdogan odao je po\u010dast \u0161ehidima Canakkalea i poru\u010dio da &#8220;Canakkale predstavlja veli\u010danstveni ep na\u0161ih herojskih predaka protiv napada na na\u0161e svete vrijednosti i postojanje Turaka u Anadoliji&#8221;.<\/p>\n\n\n\n<p>&#8220;Ne\u0107emo dozvoliti sprovo\u0111enje nikakvih igara na na\u0161oj zemlji, svoju zemlju i narod brani\u0107emo zajedni\u010dkom borbom&#8221;, poru\u010dio je Erdogan.<\/p>\n\n\n\n<p>Erdogan je odao po\u010dast svim \u0161ehidima i borcima koji su u\u010destvovali u borbama na Canakkaleu, uklju\u010duju\u0107i i vojskovo\u0111u i osniva\u010da moderne Republike Turske Mustafu Kemala Ataturka.<\/p>\n\n\n\n<figure class=\"wp-block-image size-large\"><img loading=\"lazy\" decoding=\"async\" width=\"865\" height=\"1339\" src=\"https:\/\/tvsensor.com\/wp-content\/uploads\/2021\/03\/20210318_2_47389440_63472161.jpg\" alt=\"\" class=\"wp-image-25339\" srcset=\"https:\/\/tvsensor.com\/wp-content\/uploads\/2021\/03\/20210318_2_47389440_63472161.jpg 865w, https:\/\/tvsensor.com\/wp-content\/uploads\/2021\/03\/20210318_2_47389440_63472161-97x150.jpg 97w, https:\/\/tvsensor.com\/wp-content\/uploads\/2021\/03\/20210318_2_47389440_63472161-768x1189.jpg 768w, https:\/\/tvsensor.com\/wp-content\/uploads\/2021\/03\/20210318_2_47389440_63472161-150x232.jpg 150w, https:\/\/tvsensor.com\/wp-content\/uploads\/2021\/03\/20210318_2_47389440_63472161-300x464.jpg 300w, https:\/\/tvsensor.com\/wp-content\/uploads\/2021\/03\/20210318_2_47389440_63472161-696x1077.jpg 696w\" sizes=\"auto, (max-width: 865px) 100vw, 865px\" \/><figcaption>\u0160irom Turske danas se na razli\u010dite na\u010dine obilje\u017eava Dan sje\u0107anja na \u0161ehide i 106. godi\u0161njica pomorske Bitke na Canakkaleu, javlja Anadolu Agency (AA).\nU Evropi poznatija kao Bitka na Galipolju, jedna je od najkrvavijih i naj\u017ee\u0161\u0107ih bitaka u Prvom svjetskom ratu ali, po mnogim pokazateljima i u historiji uop\u0161te. ( Kemal Zorlak &#8211; Anadolu Agency )<\/figcaption><\/figure>\n\n\n\n<p><\/p>\n","protected":false},"excerpt":{"rendered":"<p>Iako bez masovnih skupova zbog aktuelnih mjera prevencije \u0161irenja koronavirusa, Dan \u0161ehida i godi\u0161njica pomorske bitke na Galipolju, odnosno Dan pobjede, obilje\u017eava se danas u ve\u0107ini turskih gradova u kojima su delegacije polo\u017eile vijence&#8230; Ankara \u0160irom Turske danas se na razli\u010dite na\u010dine obilje\u017eava Dan sje\u0107anja na \u0161ehide i 106. godi\u0161njica pomorske Bitke na Canakkaleu, javlja [&hellip;]<\/p>\n","protected":false},"author":59,"featured_media":25340,"comment_status":"closed","ping_status":"closed","sticky":false,"template":"","format":"standard","meta":{"inline_featured_image":false,"footnotes":""},"categories":[376,41,37],"tags":[],"class_list":{"0":"post-25338","1":"post","2":"type-post","3":"status-publish","4":"format-standard","5":"has-post-thumbnail","7":"category-featured","8":"category-svijet","9":"category-vijesti"},"acf":[],"_links":{"self":[{"href":"https:\/\/tvsensor.com\/api\/wp\/v2\/posts\/25338","targetHints":{"allow":["GET"]}}],"collection":[{"href":"https:\/\/tvsensor.com\/api\/wp\/v2\/posts"}],"about":[{"href":"https:\/\/tvsensor.com\/api\/wp\/v2\/types\/post"}],"author":[{"embeddable":true,"href":"https:\/\/tvsensor.com\/api\/wp\/v2\/users\/59"}],"replies":[{"embeddable":true,"href":"https:\/\/tvsensor.com\/api\/wp\/v2\/comments?post=25338"}],"version-history":[{"count":6,"href":"https:\/\/tvsensor.com\/api\/wp\/v2\/posts\/25338\/revisions"}],"predecessor-version":[{"id":25350,"href":"https:\/\/tvsensor.com\/api\/wp\/v2\/posts\/25338\/revisions\/25350"}],"wp:featuredmedia":[{"embeddable":true,"href":"https:\/\/tvsensor.com\/api\/wp\/v2\/media\/25340"}],"wp:attachment":[{"href":"https:\/\/tvsensor.com\/api\/wp\/v2\/media?parent=25338"}],"wp:term":[{"taxonomy":"category","embeddable":true,"href":"https:\/\/tvsensor.com\/api\/wp\/v2\/categories?post=25338"},{"taxonomy":"post_tag","embeddable":true,"href":"https:\/\/tvsensor.com\/api\/wp\/v2\/tags?post=25338"}],"curies":[{"name":"wp","href":"https:\/\/api.w.org\/{rel}","templated":true}]}}