{"id":25282,"date":"2021-03-17T20:00:34","date_gmt":"2021-03-17T19:00:34","guid":{"rendered":"https:\/\/senzor.ba\/?p=25282"},"modified":"2024-01-15T21:39:24","modified_gmt":"2024-01-15T20:39:24","slug":"general-dudakovic-kada-je-rijec-o-neprijateljima-bosne-nema-nista-novo-general-ne-moze-cmizdriti-ni-tugovati","status":"publish","type":"post","link":"https:\/\/tvsensor.com\/clanak\/general-dudakovic-kada-je-rijec-o-neprijateljima-bosne-nema-nista-novo-general-ne-moze-cmizdriti-ni-tugovati\/","title":{"rendered":"General Dudakovi\u0107: Kada je rije\u010d o neprijateljima Bosne, nema ni\u0161ta novo, general ne mo\u017ee cmizdriti ni tugovati!"},"content":{"rendered":"\n<p id=\"E64\">Atif Dudakovi\u0107, general Armije Republike Bosne i Hercegovine i legendarni komandant Petog korpusa pro\u0161le sedmice napustio je bolni\u010dko lije\u010denje, nakon \u0161to je bio hospitaliziran zbog infekcije koronavirusom.<\/p>\n\n\n\n<p id=\"E66\">On se uspje\u0161no izborio s bole\u0161\u0107u, a u svom prvom javnom nastupu nakon izlaska iz bolnice potvrdio je dobro raspolo\u017eenje, pozvav\u0161i slu\u0161aoce Radija BIR na oprez i odgovornost.<\/p>\n\n\n\n<p id=\"E68\">&#8211; Ne mo\u017ee general cmizdriti, ili tugovati. Javnost od mene o\u010dekuje dobro raspolo\u017eenje. Moramo se \u010duvati i paziti druge. Imam mnogo prijatelja i mnogo poznanika. Suosje\u0107amo jedan s drugim. Na\u0161 narod je takav i pokazao se kada je bilo te\u0161ko, ne samo u slu\u010daju bolesti. Uzmite kroz \u0161ta je taj na\u0161 narod pro\u0161ao u pro\u0161losti. Kad je najte\u017ee mi jedni drugima pomognemo. Nije to samo podr\u0161ka Atifu Dudakovi\u0107u, ve\u0107 na\u0161a me\u0111usobna podr\u0161ka. \u017delim da na\u0161 narod i na\u0161a Bosna i Hercegovina \u0161to prije stanu na \u010dvr\u0161\u0107e noge u prevazila\u017eenju iskustva ovog hibridnog rata &#8211; kazao je Dudakovi\u0107.<\/p>\n\n\n\n<p id=\"E70\">Upitan o iskustvu lije\u010denja na Podhrastovima, Dudakovi\u0107 je posvjedo\u010dio posve\u0107enost zdravstvenog osoblja, ali i upozorio na kriti\u010dnost situacije.<\/p>\n\n\n\n<p id=\"E75\">&#8211; Medicinska struka i zdravstveno osoblje obavljaju jedan plemenit i human posao. Oni su i sami izlo\u017eeni bolesti, ali mobilisani su i daju sve od sebe. Svjedo\u010dim visokoj profesionalnosti, organizovanosti. Oni padaju s nogu rade\u0107i i zahvaljuju\u0107i njima mnogi \u017eivoti su spa\u0161eni. Zdravstvo je slika dru\u0161tva, kakva je Bosna, takvo joj je i zdravstvo. Mo\u017eemo hvaliti, ali situacija je kriti\u010dna i u problemima smo &#8211; kazao je Dudakovi\u0107.<\/p>\n\n\n\n<p id=\"E77\">Dudakovi\u0107 je prokomentarisao i nedavno ponovljene prijetnje referendumom i otcjepljenjem, pristigle od dijela politi\u010dkih zvani\u010dnika iz bh. entiteta RS:<\/p>\n\n\n\n<p id=\"E79\">&#8211; &#8216;Je li to ne\u0161to novo da neprijatelji i dalje \u017eele ostvariti svoje ciljeve? Svaki Bosanac i Hercegovac i svaki patriota koji govori o Bosni njima smeta. Naviknut sam na to. Mi moramo znati ko smo, \u0161ta smo i \u0161ta ho\u0107emo, i ja po tom pitanju ne vidim ni naro\u010dite probleme ni rje\u0161enja. Svako neka obavlja svoj zadatak i ljudsku du\u017enost da \u010dini i misli dobro. Neprijatelji Bosne koji su nam \u0161tetili i jo\u0161 uvijek nam \u0161tete su prolazni. Iza nas je debela pro\u0161lost i oni koji su dali \u017eivote za slobodu. Kad \u010dovjek ode u bolnicu, i tada spozna i po\u010dne da cijeni ljudsku slobodu &#8211; zaklju\u010dio je general Dudakovi\u0107.<\/p>\n","protected":false},"excerpt":{"rendered":"<p>Atif Dudakovi\u0107, general Armije Republike Bosne i Hercegovine i legendarni komandant Petog korpusa pro\u0161le sedmice napustio je bolni\u010dko lije\u010denje, nakon \u0161to je bio hospitaliziran zbog infekcije koronavirusom. On se uspje\u0161no izborio s bole\u0161\u0107u, a u svom prvom javnom nastupu nakon izlaska iz bolnice potvrdio je dobro raspolo\u017eenje, pozvav\u0161i slu\u0161aoce Radija BIR na oprez i odgovornost. [&hellip;]<\/p>\n","protected":false},"author":59,"featured_media":25283,"comment_status":"closed","ping_status":"closed","sticky":false,"template":"","format":"standard","meta":{"inline_featured_image":false,"footnotes":""},"categories":[38],"tags":[],"class_list":{"0":"post-25282","1":"post","2":"type-post","3":"status-publish","4":"format-standard","5":"has-post-thumbnail","7":"category-vijesti-iz-bih"},"acf":[],"_links":{"self":[{"href":"https:\/\/tvsensor.com\/api\/wp\/v2\/posts\/25282","targetHints":{"allow":["GET"]}}],"collection":[{"href":"https:\/\/tvsensor.com\/api\/wp\/v2\/posts"}],"about":[{"href":"https:\/\/tvsensor.com\/api\/wp\/v2\/types\/post"}],"author":[{"embeddable":true,"href":"https:\/\/tvsensor.com\/api\/wp\/v2\/users\/59"}],"replies":[{"embeddable":true,"href":"https:\/\/tvsensor.com\/api\/wp\/v2\/comments?post=25282"}],"version-history":[{"count":1,"href":"https:\/\/tvsensor.com\/api\/wp\/v2\/posts\/25282\/revisions"}],"predecessor-version":[{"id":25284,"href":"https:\/\/tvsensor.com\/api\/wp\/v2\/posts\/25282\/revisions\/25284"}],"wp:featuredmedia":[{"embeddable":true,"href":"https:\/\/tvsensor.com\/api\/wp\/v2\/media\/25283"}],"wp:attachment":[{"href":"https:\/\/tvsensor.com\/api\/wp\/v2\/media?parent=25282"}],"wp:term":[{"taxonomy":"category","embeddable":true,"href":"https:\/\/tvsensor.com\/api\/wp\/v2\/categories?post=25282"},{"taxonomy":"post_tag","embeddable":true,"href":"https:\/\/tvsensor.com\/api\/wp\/v2\/tags?post=25282"}],"curies":[{"name":"wp","href":"https:\/\/api.w.org\/{rel}","templated":true}]}}