{"id":25279,"date":"2021-03-17T17:07:02","date_gmt":"2021-03-17T16:07:02","guid":{"rendered":"https:\/\/senzor.ba\/?p=25279"},"modified":"2024-01-15T21:39:24","modified_gmt":"2024-01-15T20:39:24","slug":"drustvenim-mrezama-se-siri-snimak-kako-je-erdogan-posramio-dodika","status":"publish","type":"post","link":"https:\/\/tvsensor.com\/clanak\/drustvenim-mrezama-se-siri-snimak-kako-je-erdogan-posramio-dodika\/","title":{"rendered":"Dru\u0161tvenim mre\u017eama se \u0161iri snimak: Kako je Erdogan posramio Dodika"},"content":{"rendered":"\n<p><strong>Predsjedavaju\u0107i i \u010dlanovi Predsjedni\u0161tva BiH Milorad Dodik, \u0160efik D\u017eaferovi\u0107 i \u017deljko Kom\u0161i\u0107 borave u zvani\u010dnoj posjeti Turskoj.&nbsp;<\/strong><\/p>\n\n\n\n<p>Predsjednik Republike Turske&nbsp;<strong>Recep Tayyip Erdogan ju\u010der je prvo sve\u010dano do\u010dekao Milorada Dodika.<\/strong><\/p>\n\n\n\n<p>Interesantna situacija desila se&nbsp;<strong>prilikom zvani\u010dnog protokola, gdje se Milorad Dodik zbunio, nije znao kako treba stati, niti prema kome da se okrene.&nbsp;<\/strong><\/p>\n\n\n\n<p>Cijela situacija je snimljena, a na dru\u0161tvenim mre\u017eama je ve\u0107 apsulutni hit.&nbsp;<\/p>\n\n\n\n<p><\/p>\n","protected":false},"excerpt":{"rendered":"<p>Predsjedavaju\u0107i i \u010dlanovi Predsjedni\u0161tva BiH Milorad Dodik, \u0160efik D\u017eaferovi\u0107 i \u017deljko Kom\u0161i\u0107 borave u zvani\u010dnoj posjeti Turskoj.&nbsp; Predsjednik Republike Turske&nbsp;Recep Tayyip Erdogan ju\u010der je prvo sve\u010dano do\u010dekao Milorada Dodika. Interesantna situacija desila se&nbsp;prilikom zvani\u010dnog protokola, gdje se Milorad Dodik zbunio, nije znao kako treba stati, niti prema kome da se okrene.&nbsp; Cijela situacija je snimljena, [&hellip;]<\/p>\n","protected":false},"author":59,"featured_media":25280,"comment_status":"closed","ping_status":"closed","sticky":false,"template":"","format":"video","meta":{"inline_featured_image":false,"footnotes":""},"categories":[72,1246,1244],"tags":[],"class_list":{"0":"post-25279","1":"post","2":"type-post","3":"status-publish","4":"format-video","5":"has-post-thumbnail","7":"category-video-galerija","8":"category-viralno","9":"category-zanimljivosti-video-galerija","10":"post_format-post-format-video"},"acf":[],"_links":{"self":[{"href":"https:\/\/tvsensor.com\/api\/wp\/v2\/posts\/25279","targetHints":{"allow":["GET"]}}],"collection":[{"href":"https:\/\/tvsensor.com\/api\/wp\/v2\/posts"}],"about":[{"href":"https:\/\/tvsensor.com\/api\/wp\/v2\/types\/post"}],"author":[{"embeddable":true,"href":"https:\/\/tvsensor.com\/api\/wp\/v2\/users\/59"}],"replies":[{"embeddable":true,"href":"https:\/\/tvsensor.com\/api\/wp\/v2\/comments?post=25279"}],"version-history":[{"count":3,"href":"https:\/\/tvsensor.com\/api\/wp\/v2\/posts\/25279\/revisions"}],"predecessor-version":[{"id":29674,"href":"https:\/\/tvsensor.com\/api\/wp\/v2\/posts\/25279\/revisions\/29674"}],"wp:featuredmedia":[{"embeddable":true,"href":"https:\/\/tvsensor.com\/api\/wp\/v2\/media\/25280"}],"wp:attachment":[{"href":"https:\/\/tvsensor.com\/api\/wp\/v2\/media?parent=25279"}],"wp:term":[{"taxonomy":"category","embeddable":true,"href":"https:\/\/tvsensor.com\/api\/wp\/v2\/categories?post=25279"},{"taxonomy":"post_tag","embeddable":true,"href":"https:\/\/tvsensor.com\/api\/wp\/v2\/tags?post=25279"}],"curies":[{"name":"wp","href":"https:\/\/api.w.org\/{rel}","templated":true}]}}