{"id":25222,"date":"2021-03-16T12:42:51","date_gmt":"2021-03-16T11:42:51","guid":{"rendered":"https:\/\/senzor.ba\/?p=25222"},"modified":"2024-01-15T21:39:26","modified_gmt":"2024-01-15T20:39:26","slug":"veliki-ekran-u-programu-uzivo-pao-na-voditelja","status":"publish","type":"post","link":"https:\/\/tvsensor.com\/clanak\/veliki-ekran-u-programu-uzivo-pao-na-voditelja\/","title":{"rendered":"(VIDEO) Veliki ekran u programu u\u017eivo pao na voditelja"},"content":{"rendered":"\n<p>Veliki ekran je tokom programa u\u017eivo pao je na novinara,&nbsp;a nesre\u0107a se desila tokom emitovanja&nbsp;<strong>ESPN FC Radio Colombia.<\/strong><\/p>\n\n\n\n<p>Rije\u010d je o novinaru&nbsp;<strong>Carlos Orduzu<\/strong>, kojem je tokom direktnog prijenosa programa, veliki TV panel pao na le\u0111a i oborio ga na sto koji je bio ispred njega.<\/p>\n\n\n\n<p>Na svu sre\u0107u Orduz&nbsp;nije povrije\u0111en.<\/p>\n\n\n\n<figure class=\"wp-block-embed is-type-rich is-provider-twitter wp-block-embed-twitter\"><div class=\"wp-block-embed__wrapper\">\n<blockquote class=\"twitter-tweet\" data-width=\"550\" data-dnt=\"true\"><p lang=\"en\" dir=\"ltr\">Horrible! <a href=\"https:\/\/twitter.com\/hashtag\/ESPN?src=hash&amp;ref_src=twsrc%5Etfw\">#ESPN<\/a> anchor <a href=\"https:\/\/twitter.com\/hashtag\/CarlosOrduz?src=hash&amp;ref_src=twsrc%5Etfw\">#CarlosOrduz<\/a> reassures viewers he is fine after being hit by falling set piece only a bruise and blow to the nose (no fracture) <a href=\"https:\/\/twitter.com\/hashtag\/espnradiocolombia?src=hash&amp;ref_src=twsrc%5Etfw\">#espnradiocolombia<\/a> <a href=\"https:\/\/t.co\/y9tYu4XcWC\">pic.twitter.com\/y9tYu4XcWC<\/a><\/p>&mdash; sudhakar (@naidusudhakar) <a href=\"https:\/\/twitter.com\/naidusudhakar\/status\/1369860779067940865?ref_src=twsrc%5Etfw\">March 11, 2021<\/a><\/blockquote><script async src=\"https:\/\/platform.twitter.com\/widgets.js\" charset=\"utf-8\"><\/script>\n<\/div><\/figure>\n\n\n\n<p>On se oglasio i na dru\u0161tvenim mre\u017eama, gdje je to potvrdio.<\/p>\n\n\n\n<p>&#8220;Svima onima koji mi pi\u0161u i pitaju kako sam nakon nesre\u0107e koja se dogodila sino\u0107, moram kazati da sam dobro. Hvala Bogu svi medicinski pregledi i ostalo su pokazali da povreda osima modrica nema&#8221;, poru\u010dio je on.<\/p>\n\n\n\n<figure class=\"wp-block-embed is-type-rich is-provider-twitter wp-block-embed-twitter\"><div class=\"wp-block-embed__wrapper\">\n<blockquote class=\"twitter-tweet\" data-width=\"550\" data-dnt=\"true\"><p lang=\"und\" dir=\"ltr\"><a href=\"https:\/\/t.co\/JbtIIOlUmf\">pic.twitter.com\/JbtIIOlUmf<\/a><\/p>&mdash; Carlos Orduz (@orduzrubio) <a href=\"https:\/\/twitter.com\/orduzrubio\/status\/1369488194824179712?ref_src=twsrc%5Etfw\">March 10, 2021<\/a><\/blockquote><script async src=\"https:\/\/platform.twitter.com\/widgets.js\" charset=\"utf-8\"><\/script>\n<\/div><\/figure>\n\n\n\n<p><\/p>\n","protected":false},"excerpt":{"rendered":"<p>Veliki ekran je tokom programa u\u017eivo pao je na novinara,&nbsp;a nesre\u0107a se desila tokom emitovanja&nbsp;ESPN FC Radio Colombia. Rije\u010d je o novinaru&nbsp;Carlos Orduzu, kojem je tokom direktnog prijenosa programa, veliki TV panel pao na le\u0111a i oborio ga na sto koji je bio ispred njega. Na svu sre\u0107u Orduz&nbsp;nije povrije\u0111en. On se oglasio i na [&hellip;]<\/p>\n","protected":false},"author":59,"featured_media":25223,"comment_status":"closed","ping_status":"closed","sticky":false,"template":"","format":"standard","meta":{"inline_featured_image":false,"footnotes":""},"categories":[56],"tags":[],"class_list":{"0":"post-25222","1":"post","2":"type-post","3":"status-publish","4":"format-standard","5":"has-post-thumbnail","7":"category-zanimljivosti"},"acf":[],"_links":{"self":[{"href":"https:\/\/tvsensor.com\/api\/wp\/v2\/posts\/25222","targetHints":{"allow":["GET"]}}],"collection":[{"href":"https:\/\/tvsensor.com\/api\/wp\/v2\/posts"}],"about":[{"href":"https:\/\/tvsensor.com\/api\/wp\/v2\/types\/post"}],"author":[{"embeddable":true,"href":"https:\/\/tvsensor.com\/api\/wp\/v2\/users\/59"}],"replies":[{"embeddable":true,"href":"https:\/\/tvsensor.com\/api\/wp\/v2\/comments?post=25222"}],"version-history":[{"count":2,"href":"https:\/\/tvsensor.com\/api\/wp\/v2\/posts\/25222\/revisions"}],"predecessor-version":[{"id":25225,"href":"https:\/\/tvsensor.com\/api\/wp\/v2\/posts\/25222\/revisions\/25225"}],"wp:featuredmedia":[{"embeddable":true,"href":"https:\/\/tvsensor.com\/api\/wp\/v2\/media\/25223"}],"wp:attachment":[{"href":"https:\/\/tvsensor.com\/api\/wp\/v2\/media?parent=25222"}],"wp:term":[{"taxonomy":"category","embeddable":true,"href":"https:\/\/tvsensor.com\/api\/wp\/v2\/categories?post=25222"},{"taxonomy":"post_tag","embeddable":true,"href":"https:\/\/tvsensor.com\/api\/wp\/v2\/tags?post=25222"}],"curies":[{"name":"wp","href":"https:\/\/api.w.org\/{rel}","templated":true}]}}