{"id":25211,"date":"2021-03-16T11:09:56","date_gmt":"2021-03-16T10:09:56","guid":{"rendered":"https:\/\/senzor.ba\/?p=25211"},"modified":"2024-01-15T21:39:26","modified_gmt":"2024-01-15T20:39:26","slug":"sidran-izgled-ruke-poslije-vakcinacije-i-tokom-borbe-sa-koronavirusom","status":"publish","type":"post","link":"https:\/\/tvsensor.com\/clanak\/sidran-izgled-ruke-poslije-vakcinacije-i-tokom-borbe-sa-koronavirusom\/","title":{"rendered":"Sidran: Izgled ruke poslije vakcinacije i tokom borbe sa koronavirusom"},"content":{"rendered":"\n<p>Nakon \u0161to je izlije\u010den od koronavirusa, bh. pisac i akademik Abdulah Sidran nastavlja otkrivati detalje svoje borbe sa nevidljivim neprijateljem \u0161to putem medija, \u0161to preko svog Facebook profila. <\/p>\n\n\n\n<p>Tako je danas podijelio dvije fotografije koje ilustruju izgled ruke nakon vakcinacije te tokom borbe sa virusom. <\/p>\n\n\n\n<p>Kroz kakav je pakao pro\u0161ao Sidran, mo\u017ee se zaklju\u010diti iz fotografije broj 2. <\/p>\n\n\n\n<html>\n  <title>My Website<\/title>\n<body>\n  <script async defer src=\"https:\/\/connect.facebook.net\/en_US\/sdk.js#xfbml=1&#038;version=v3.2\"><\/script>  \n  <div class=\"fb-post\" \n      data-href=\"https:\/\/www.facebook.com\/abdulah.sidran.3\/posts\/1897016193788503\/\"\n      data-width=\"500\"><\/div>\n<\/body>\n<\/html>\n\n\n\n<p> <\/p>\n","protected":false},"excerpt":{"rendered":"<p>Nakon \u0161to je izlije\u010den od koronavirusa, bh. pisac i akademik Abdulah Sidran nastavlja otkrivati detalje svoje borbe sa nevidljivim neprijateljem \u0161to putem medija, \u0161to preko svog Facebook profila. Tako je danas podijelio dvije fotografije koje ilustruju izgled ruke nakon vakcinacije te tokom borbe sa virusom. Kroz kakav je pakao pro\u0161ao Sidran, mo\u017ee se zaklju\u010diti iz [&hellip;]<\/p>\n","protected":false},"author":59,"featured_media":25212,"comment_status":"closed","ping_status":"closed","sticky":false,"template":"","format":"gallery","meta":{"inline_featured_image":false,"footnotes":""},"categories":[38],"tags":[],"class_list":{"0":"post-25211","1":"post","2":"type-post","3":"status-publish","4":"format-gallery","5":"has-post-thumbnail","7":"category-vijesti-iz-bih","8":"post_format-post-format-gallery"},"acf":[],"_links":{"self":[{"href":"https:\/\/tvsensor.com\/api\/wp\/v2\/posts\/25211","targetHints":{"allow":["GET"]}}],"collection":[{"href":"https:\/\/tvsensor.com\/api\/wp\/v2\/posts"}],"about":[{"href":"https:\/\/tvsensor.com\/api\/wp\/v2\/types\/post"}],"author":[{"embeddable":true,"href":"https:\/\/tvsensor.com\/api\/wp\/v2\/users\/59"}],"replies":[{"embeddable":true,"href":"https:\/\/tvsensor.com\/api\/wp\/v2\/comments?post=25211"}],"version-history":[{"count":7,"href":"https:\/\/tvsensor.com\/api\/wp\/v2\/posts\/25211\/revisions"}],"predecessor-version":[{"id":25221,"href":"https:\/\/tvsensor.com\/api\/wp\/v2\/posts\/25211\/revisions\/25221"}],"wp:featuredmedia":[{"embeddable":true,"href":"https:\/\/tvsensor.com\/api\/wp\/v2\/media\/25212"}],"wp:attachment":[{"href":"https:\/\/tvsensor.com\/api\/wp\/v2\/media?parent=25211"}],"wp:term":[{"taxonomy":"category","embeddable":true,"href":"https:\/\/tvsensor.com\/api\/wp\/v2\/categories?post=25211"},{"taxonomy":"post_tag","embeddable":true,"href":"https:\/\/tvsensor.com\/api\/wp\/v2\/tags?post=25211"}],"curies":[{"name":"wp","href":"https:\/\/api.w.org\/{rel}","templated":true}]}}