{"id":25208,"date":"2021-03-16T10:34:28","date_gmt":"2021-03-16T09:34:28","guid":{"rendered":"https:\/\/senzor.ba\/?p=25208"},"modified":"2024-01-15T21:39:26","modified_gmt":"2024-01-15T20:39:26","slug":"peter-maass-nominacija-za-oscara-filma-quo-vadis-aida-cin-pravde-nakon-dodjele-nobela-handkeu","status":"publish","type":"post","link":"https:\/\/tvsensor.com\/clanak\/peter-maass-nominacija-za-oscara-filma-quo-vadis-aida-cin-pravde-nakon-dodjele-nobela-handkeu\/","title":{"rendered":"Peter Maass: Nominacija za \u201cOscara\u201d filma \u201cQuo vadis, Aida?\u201d- \u010din pravde nakon dodjele Nobela Handkeu"},"content":{"rendered":"\n<p><strong>Ugledni ameri\u010dki novinar Peter Maass poru\u010dio je kako nominacija za nagradu Ameri\u010dke akademije za filmsku umjetnost \u201cOscar\u201d bh. filma \u201eQuo vadis, Aida\u201c, koji govori o genocidu u Srebrenici, predstavlja \u010din pravde nakon sramotne dodjele \u201cNobelove nagrade\u201d austrijskom piscu i negatoru genocida u Srebrenici Peteru Handkeu.<\/strong><\/p>\n\n\n\n<p>Maass je na svom Twitter profilu iz malo druga\u010dijeg ugla prokomentarisao uspjeh filma Jasmile \u017dbani\u0107, koji je ju\u010der zvani\u010dno nominovan za presti\u017enu nagradu \u201cOscar\u201d u kategoriji za najbolji strani film.<\/p>\n\n\n\n<p>\u201c2019. godine dodijeljena je sramotna \u2018Nobelova nagrada\u2019 austrijskom piscu koji je umanjio i negirao genocid u Bosni. Danas je film \u201cQuo Vadis, Aida\u201d, koji govori cjelovitu i tragi\u010dnu pri\u010du o onome \u0161to se dogodilo u Srebrenici, nominiran za Oscara. #Pravda\u201d, napisao je Maass na svom Twitter profilu.<\/p>\n\n\n\n<p>Austrijskom piscu Peteru Handkeu je u novembru 2019. godine dodijeljena \u201cNobelova nagrada za knji\u017eevnost\u201d, \u0161to je nai\u0161lo na vrlo o\u0161tre kritike svjetske javnosti zbog \u010dinjenice da je Handke negator genocida u Srebrenici.<\/p>\n","protected":false},"excerpt":{"rendered":"<p>Ugledni ameri\u010dki novinar Peter Maass poru\u010dio je kako nominacija za nagradu Ameri\u010dke akademije za filmsku umjetnost \u201cOscar\u201d bh. filma \u201eQuo vadis, Aida\u201c, koji govori o genocidu u Srebrenici, predstavlja \u010din pravde nakon sramotne dodjele \u201cNobelove nagrade\u201d austrijskom piscu i negatoru genocida u Srebrenici Peteru Handkeu. Maass je na svom Twitter profilu iz malo druga\u010dijeg ugla [&hellip;]<\/p>\n","protected":false},"author":59,"featured_media":25209,"comment_status":"closed","ping_status":"closed","sticky":false,"template":"","format":"standard","meta":{"inline_featured_image":false,"footnotes":""},"categories":[43],"tags":[],"class_list":{"0":"post-25208","1":"post","2":"type-post","3":"status-publish","4":"format-standard","5":"has-post-thumbnail","7":"category-bih"},"acf":[],"_links":{"self":[{"href":"https:\/\/tvsensor.com\/api\/wp\/v2\/posts\/25208","targetHints":{"allow":["GET"]}}],"collection":[{"href":"https:\/\/tvsensor.com\/api\/wp\/v2\/posts"}],"about":[{"href":"https:\/\/tvsensor.com\/api\/wp\/v2\/types\/post"}],"author":[{"embeddable":true,"href":"https:\/\/tvsensor.com\/api\/wp\/v2\/users\/59"}],"replies":[{"embeddable":true,"href":"https:\/\/tvsensor.com\/api\/wp\/v2\/comments?post=25208"}],"version-history":[{"count":1,"href":"https:\/\/tvsensor.com\/api\/wp\/v2\/posts\/25208\/revisions"}],"predecessor-version":[{"id":25210,"href":"https:\/\/tvsensor.com\/api\/wp\/v2\/posts\/25208\/revisions\/25210"}],"wp:featuredmedia":[{"embeddable":true,"href":"https:\/\/tvsensor.com\/api\/wp\/v2\/media\/25209"}],"wp:attachment":[{"href":"https:\/\/tvsensor.com\/api\/wp\/v2\/media?parent=25208"}],"wp:term":[{"taxonomy":"category","embeddable":true,"href":"https:\/\/tvsensor.com\/api\/wp\/v2\/categories?post=25208"},{"taxonomy":"post_tag","embeddable":true,"href":"https:\/\/tvsensor.com\/api\/wp\/v2\/tags?post=25208"}],"curies":[{"name":"wp","href":"https:\/\/api.w.org\/{rel}","templated":true}]}}