{"id":25205,"date":"2021-03-16T10:31:09","date_gmt":"2021-03-16T09:31:09","guid":{"rendered":"https:\/\/senzor.ba\/?p=25205"},"modified":"2024-01-15T21:39:27","modified_gmt":"2024-01-15T20:39:27","slug":"nema-opravdanih-razloga-za-povecanje-cijena-bilo-kakvih-usluga-ili-proizvoda","status":"publish","type":"post","link":"https:\/\/tvsensor.com\/clanak\/nema-opravdanih-razloga-za-povecanje-cijena-bilo-kakvih-usluga-ili-proizvoda\/","title":{"rendered":"Nema opravdanih razloga za pove\u0107anje cijena bilo kakvih usluga ili proizvoda"},"content":{"rendered":"\n<p><strong>Uzev\u0161i u obzir \u017eivotni standard stanovnika BiH, nepostoje\u0107i ili skoro zanemariv rast visine osobnih primanja posljednjih desetlje\u0107a u BiH, sa aspekta Institucije ombudsmana za za\u0161titu potro\u0161a\u010da u BiH nikako ne postoje opravdani razlozi za pove\u0107anje cijena bilo kakvih usluga ili proizvoda, javlja Fena.<\/strong><\/p>\n\n\n\n<p>Ovo je odgovoreno Feni iz ove institucije na molbu da prokomentiraju izvje\u0161taje o poskupljenjima \u017eivotnih namirnica u doba pandemije COVID-19.<\/p>\n\n\n\n<p>Kako ka\u017eu, Institucija u cijelosti razumije i podr\u017eava razvoj gospodarskog sektora zasnovanog na profitabilnom poslovanju i time i o\u010duvanju radnih mjesta u dr\u017eavi, no potro\u0161a\u010da daljnje optere\u0107enje potro\u0161a\u010dke ko\u0161arice dovodi u nemogu\u0107i polo\u017eaj dodatnih zadu\u017eivanja kako bi \u201cspojili kraj sa krajem\u201d.<\/p>\n\n\n\n<p>\u2013 Institucija nositelje vlasti, posebice entiteta, opetovano poziva da koriste sve svoje ovlasti kako bi u suradnji sa me\u0111unarodnim financijskim institucijama prona\u0161li modalitete rasta osobnih primanja koja bi mogla pratiti i pove\u0107anje cijena proizvoda i usluga u cilju o\u010duvanja zdravog, konkurentnog i odr\u017eivog gospodarskog sustava \u2013 re\u010deno je Feni iz Institucije ombudsmana za za\u0161titu potro\u0161a\u010da u BiH.<\/p>\n","protected":false},"excerpt":{"rendered":"<p>Uzev\u0161i u obzir \u017eivotni standard stanovnika BiH, nepostoje\u0107i ili skoro zanemariv rast visine osobnih primanja posljednjih desetlje\u0107a u BiH, sa aspekta Institucije ombudsmana za za\u0161titu potro\u0161a\u010da u BiH nikako ne postoje opravdani razlozi za pove\u0107anje cijena bilo kakvih usluga ili proizvoda, javlja Fena. Ovo je odgovoreno Feni iz ove institucije na molbu da prokomentiraju izvje\u0161taje [&hellip;]<\/p>\n","protected":false},"author":59,"featured_media":25206,"comment_status":"closed","ping_status":"closed","sticky":false,"template":"","format":"standard","meta":{"inline_featured_image":false,"footnotes":""},"categories":[43,42],"tags":[],"class_list":{"0":"post-25205","1":"post","2":"type-post","3":"status-publish","4":"format-standard","5":"has-post-thumbnail","7":"category-bih","8":"category-ekonomija"},"acf":[],"_links":{"self":[{"href":"https:\/\/tvsensor.com\/api\/wp\/v2\/posts\/25205","targetHints":{"allow":["GET"]}}],"collection":[{"href":"https:\/\/tvsensor.com\/api\/wp\/v2\/posts"}],"about":[{"href":"https:\/\/tvsensor.com\/api\/wp\/v2\/types\/post"}],"author":[{"embeddable":true,"href":"https:\/\/tvsensor.com\/api\/wp\/v2\/users\/59"}],"replies":[{"embeddable":true,"href":"https:\/\/tvsensor.com\/api\/wp\/v2\/comments?post=25205"}],"version-history":[{"count":1,"href":"https:\/\/tvsensor.com\/api\/wp\/v2\/posts\/25205\/revisions"}],"predecessor-version":[{"id":25207,"href":"https:\/\/tvsensor.com\/api\/wp\/v2\/posts\/25205\/revisions\/25207"}],"wp:featuredmedia":[{"embeddable":true,"href":"https:\/\/tvsensor.com\/api\/wp\/v2\/media\/25206"}],"wp:attachment":[{"href":"https:\/\/tvsensor.com\/api\/wp\/v2\/media?parent=25205"}],"wp:term":[{"taxonomy":"category","embeddable":true,"href":"https:\/\/tvsensor.com\/api\/wp\/v2\/categories?post=25205"},{"taxonomy":"post_tag","embeddable":true,"href":"https:\/\/tvsensor.com\/api\/wp\/v2\/tags?post=25205"}],"curies":[{"name":"wp","href":"https:\/\/api.w.org\/{rel}","templated":true}]}}