{"id":25202,"date":"2021-03-16T08:31:54","date_gmt":"2021-03-16T07:31:54","guid":{"rendered":"https:\/\/senzor.ba\/?p=25202"},"modified":"2024-01-15T21:39:27","modified_gmt":"2024-01-15T20:39:27","slug":"predsjednistvo-bih-danas-u-zvanicnoj-posjeti-republici-turskoj","status":"publish","type":"post","link":"https:\/\/tvsensor.com\/clanak\/predsjednistvo-bih-danas-u-zvanicnoj-posjeti-republici-turskoj\/","title":{"rendered":"Predsjedni\u0161tvo BiH danas u zvani\u010dnoj posjeti Republici Turskoj"},"content":{"rendered":"\n<p><strong>Predsjedavaju\u0107i i \u010dlanovi Predsjedni\u0161tva Bosne i Hercegovine Milorad Dodik, \u017deljko Kom\u0161i\u0107 i \u0160efik D\u017eaferovi\u0107, na poziv pr\u0435ds\u0458\u0435dnik\u0430 R\u0435publik\u0435 \u0422ursk\u0435 Recepa Tayyipa Erdo\u011fana, danas \u0107e boraviti&nbsp;u zvani\u010dnoj posjeti Republici Turskoj.<\/strong><\/p>\n\n\n\n<p>Predsjednik Republike Turske&nbsp;<strong>Recep Tayyip Erdo\u011fan<\/strong>&nbsp;do\u010dekat \u0107e \u010dlanove Predsjedni\u0161tva BiH u predsjedni\u010dkoj palati u Ankari, gdje \u0107e u njihovu \u010dast biti uprili\u010dena ceremonija sve\u010danog do\u010deka, uz vojne po\u010dasti.<\/p>\n\n\n\n<p>Nakon ceremonije do\u010deka, bit \u0107e odr\u017ean&nbsp;<strong>t\u00eate-\u00e0-t\u00eate sastanak \u010dlanova Predsjedni\u0161tva BiH i predsjednika Republike Turske<\/strong>, a zatim i sastanak delegacija Bosne i Hercegovine i Republike Turske.<\/p>\n\n\n\n<p>Tokom zvani\u010dne posjete planirano je potpisivanje&nbsp;<strong>Sporazuma izme\u0111u Vije\u0107a ministara BiH i Vlade Republike Turske<\/strong>&nbsp;o saradnji u infrastrukturnim i gra\u0111evinskim projektima i Sporazuma izme\u0111u Vije\u0107a ministara BiH i Vlade Republike Turske o uzajamnom priznavanju i zamjeni voza\u010dkih dozvola.<\/p>\n\n\n\n<p>Te sporazume \u0107e potpisati ministar komunikacija i prometa BiH&nbsp;<strong>Vojin Mitrovi\u0107<\/strong>, koji je \u010dlan delegacije BiH koja boravi u zvani\u010dnoj posjeti Republici Turskoj.<\/p>\n\n\n\n<p>Planirano je potpisivanje i Memoranduma o razumijevanju izme\u0111u Agencije za unapre\u0111enje stranih investicija BiH i Ureda za investiranje Predsjedni\u0161tva Republike Turske o saradnji na promociji investicija. Memorandum \u0107e potpisati direktorica Agencije&nbsp;<strong>Milica Markovi\u0107<\/strong>.<\/p>\n\n\n\n<p>Dodik, Kom\u0161i\u0107 i D\u017eaferovi\u0107 \u0107e se tokom zvani\u010dne posjete sastati s predsjednikom Velike narodne skup\u0161tine Republike Turske&nbsp;<strong>Mustafom \u015eentopom.<\/strong><\/p>\n\n\n\n<p>\u010clanovi Predsjedni\u0161tva BiH \u0107e posjetiti i Anitkabir u Ankari, mauzolej prvog predsjednika i osniva\u010da moderne Republike Turske&nbsp;<strong>Mustafe Kemala Atat\u00fcrka,<\/strong>&nbsp;gdje \u0107e odati po\u010dast i polo\u017eiti cvije\u0107e, najavljeno je iz Predsjedni\u0161tva BiH.<\/p>\n","protected":false},"excerpt":{"rendered":"<p>Predsjedavaju\u0107i i \u010dlanovi Predsjedni\u0161tva Bosne i Hercegovine Milorad Dodik, \u017deljko Kom\u0161i\u0107 i \u0160efik D\u017eaferovi\u0107, na poziv pr\u0435ds\u0458\u0435dnik\u0430 R\u0435publik\u0435 \u0422ursk\u0435 Recepa Tayyipa Erdo\u011fana, danas \u0107e boraviti&nbsp;u zvani\u010dnoj posjeti Republici Turskoj. Predsjednik Republike Turske&nbsp;Recep Tayyip Erdo\u011fan&nbsp;do\u010dekat \u0107e \u010dlanove Predsjedni\u0161tva BiH u predsjedni\u010dkoj palati u Ankari, gdje \u0107e u njihovu \u010dast biti uprili\u010dena ceremonija sve\u010danog do\u010deka, uz vojne [&hellip;]<\/p>\n","protected":false},"author":59,"featured_media":25203,"comment_status":"closed","ping_status":"closed","sticky":false,"template":"","format":"standard","meta":{"inline_featured_image":false,"footnotes":""},"categories":[38],"tags":[],"class_list":{"0":"post-25202","1":"post","2":"type-post","3":"status-publish","4":"format-standard","5":"has-post-thumbnail","7":"category-vijesti-iz-bih"},"acf":[],"_links":{"self":[{"href":"https:\/\/tvsensor.com\/api\/wp\/v2\/posts\/25202","targetHints":{"allow":["GET"]}}],"collection":[{"href":"https:\/\/tvsensor.com\/api\/wp\/v2\/posts"}],"about":[{"href":"https:\/\/tvsensor.com\/api\/wp\/v2\/types\/post"}],"author":[{"embeddable":true,"href":"https:\/\/tvsensor.com\/api\/wp\/v2\/users\/59"}],"replies":[{"embeddable":true,"href":"https:\/\/tvsensor.com\/api\/wp\/v2\/comments?post=25202"}],"version-history":[{"count":1,"href":"https:\/\/tvsensor.com\/api\/wp\/v2\/posts\/25202\/revisions"}],"predecessor-version":[{"id":25204,"href":"https:\/\/tvsensor.com\/api\/wp\/v2\/posts\/25202\/revisions\/25204"}],"wp:featuredmedia":[{"embeddable":true,"href":"https:\/\/tvsensor.com\/api\/wp\/v2\/media\/25203"}],"wp:attachment":[{"href":"https:\/\/tvsensor.com\/api\/wp\/v2\/media?parent=25202"}],"wp:term":[{"taxonomy":"category","embeddable":true,"href":"https:\/\/tvsensor.com\/api\/wp\/v2\/categories?post=25202"},{"taxonomy":"post_tag","embeddable":true,"href":"https:\/\/tvsensor.com\/api\/wp\/v2\/tags?post=25202"}],"curies":[{"name":"wp","href":"https:\/\/api.w.org\/{rel}","templated":true}]}}