{"id":25196,"date":"2021-03-15T19:34:22","date_gmt":"2021-03-15T18:34:22","guid":{"rendered":"https:\/\/senzor.ba\/?p=25196"},"modified":"2024-01-15T21:39:27","modified_gmt":"2024-01-15T20:39:27","slug":"hadzikadic-gradjanin-u-bih-fakticki-ne-postoji","status":"publish","type":"post","link":"https:\/\/tvsensor.com\/clanak\/hadzikadic-gradjanin-u-bih-fakticki-ne-postoji\/","title":{"rendered":"Had\u017eikadi\u0107: Gra\u0111anin u BiH fakti\u010dki ne postoji"},"content":{"rendered":"\n<p>Stanje u svakom segmentu \u017eivota u BiH je, \u010dini se, svakim danom sve gore. Niko nije zadovoljan. Stranaka je mnogo, a svaka ima svoje vi\u0111enje BiH. Predsjednik Platforme za progres, Mirsad Had\u017eikadi\u0107 pozvao je na veliko okupljanje opozicije za Op\u0107e izbore 2022. i na proteste u Sarajevu 30. maja, na godi\u0161njicu protesta Dosta je bilo \u0161utnje.<\/p>\n\n\n\n<p>Tim povodom Mirsad Had\u017eikadi\u0107 je bio gost Federacije danas.<\/p>\n\n\n\n<p>O odgovoru aktuelne vlasti na pandemiju smatra da je to rezultat principa konstitutivnost i \u010dinjenice da tzv. nacionalne stranke su upravljale putem podobnosti i korupcije.<\/p>\n\n\n\n<p>&#8220;Rezultat je ovo \u0161to imamo. Pokazali smo da ne mo\u017eemo nabaviti \u010dak ni vakcinu da za\u0161titimo na\u0161e gra\u0111ane, a u isto vrijeme vodimo ra\u010duna o tome da imamo novi Izborni zakon koji \u0107e nekima od njih dati \u010dak i vi\u0161e prava i mogu\u0107nosti da uti\u010du na sve ono \u0161to se de\u0161ava u dr\u017eavi, gdje gra\u0111anin fakti\u010dki i ne postoji. Isto mi\u0161ljenje je i o ekonomiji i o zdravstvu i o obrazovanju. Kada pogledate,mi bismo trebali imati te namete, ne 70% nego 35% pomo\u0107i maloj privredi za vrijeme pandemije. Ne bismo smjeli kupovati diplome, niti imati \u010dak tu mmogu\u0107nost. Ne bismo smjeli imati politizirano pravosu\u0111e. Nema pravde, nema efikasnosti, \u0161ta drugo da o\u010dekujemo od dr\u017eave.&#8221;<\/p>\n\n\n\n<p>O predlo\u017eenom okupljanju opozicije ka\u017ee da me\u0111unarodna zajednica radi sa onima koji imaju snagu.<\/p>\n\n\n\n<p>&#8220;Moramo demonstrirati da postoje druge snage, a ne samo tri plemenske poglavice. Prema tome, ako \u017eelimo da poka\u017eemo snagu i da imamo me\u0111unarodnu zajednicu na na\u0161oj strani, mislim na gra\u0111anskoj strani, onda zaista sva opozicija treba da se ujedini. Svako ima ego, svako ima sujetu, ali sada se radi o Bosni i Hercegovini. Pitanje je da li \u0107e oni poslu\u0161ati ovaj poziv, ne poslu\u0161ati nego re\u0107i vrijeme je da svi radimo za BiH i da nema tu stvarno mjesta za li\u010dno. Ovo \u0107e pokazati da li i mi imamo te li\u010dne interese ili samo govorimo o li\u010dnim interesima onih koji su na vlasti. Koliko nas do\u0111e zajedno, da radimo zajedno za interes BiH i gra\u0111ana, toliko \u0107e se pokazati koliko ima dr\u017eave. Do sada smo razgovarali sa 4-5 stranaka. Tri stranke su nam se javile i ranije, tako da imamo 7-8 stranaka sa kojima mo\u017eemo razgovarati. Zvali su nas stranke koje su ve\u0107 u nekakvim koalicijama da se pridru\u017eimo, ali mislimo da je vrijeme za veliku koaliciju svih nas, gdje \u0107emo pokazati istinsku snagu i \u017eelju.&#8221;<\/p>\n\n\n\n<p>Predsjednik PDP-a Branislav Borenovi\u0107 je pro\u0161le sedmice, gostuju\u0107i u ovoj emisiji, rekao sli\u010dnu stvar kada je rije\u010d o opoziciji. Neka vrsta ujedinjenja opozicije je sve glasnija ideja. Na pitanje kako zanemariti i pomiriti razlike me\u0111u strankama opozicije da bi zajedno nastupile Had\u017eikadi\u0107 ka\u017ee da \u0107e to biti jako te\u0161ko ostvariti jer se radi o ljudima.<\/p>\n\n\n\n<p>&#8220;Nije te\u0161ko ako se radi o programu i ideologijama, jer mnoge stranke \u010dak i nemaju ideologiju. Nema nikakvih prepreka da do\u0111e do jedne velike koalicije, jednog fronta koji \u0107e se zaista boriti protiv tzv. nacionalnih stranaka za interes BiH. Nadam se da politi\u010dari shvataju da je ovo krajnje vrijeme. 2022. je ogroman test.&#8221;<\/p>\n\n\n\n<p>O protestima na koje je pozvao 30. maja navodi: &#8220;Ako najmanje 50.000 gra\u0111ana do\u0111e 30.maja, pretpostavljaju\u0107i da \u0107e epidemiolo\u0161ka situacija biri uredu, i ka\u017ee jednim glasom stvarno je dosta, ovako vi\u0161ene mo\u017ee, mislim da \u0107e stranci prestati razgovarati vaninstitucionalno sa poglavicama tzv.nacionalnih stranaka i po\u010deti razgovarati sa gra\u0111anima, sa svim segmentima dru\u0161tva, sa institucijama dr\u017eave. Mislim da su ljudi spremni i da je stvarno do\u0161lo vrijeme za promjenu BiH.&#8221;<\/p>\n\n\n\n<p>Smatra da je Dejton 2 samo nastavak konstitutivnosti i blokade koju imamo u dr\u017eavi i da je vrijeme za potpuno novi Ustav.<\/p>\n\n\n\n<p>tvsensor.com\/federalna.ba<\/p>\n","protected":false},"excerpt":{"rendered":"<p>Stanje u svakom segmentu \u017eivota u BiH je, \u010dini se, svakim danom sve gore. Niko nije zadovoljan. Stranaka je mnogo, a svaka ima svoje vi\u0111enje BiH. Predsjednik Platforme za progres, Mirsad Had\u017eikadi\u0107 pozvao je na veliko okupljanje opozicije za Op\u0107e izbore 2022. i na proteste u Sarajevu 30. maja, na godi\u0161njicu protesta Dosta je bilo [&hellip;]<\/p>\n","protected":false},"author":59,"featured_media":25197,"comment_status":"closed","ping_status":"closed","sticky":false,"template":"","format":"standard","meta":{"inline_featured_image":false,"footnotes":""},"categories":[234],"tags":[],"class_list":{"0":"post-25196","1":"post","2":"type-post","3":"status-publish","4":"format-standard","5":"has-post-thumbnail","7":"category-politika"},"acf":[],"_links":{"self":[{"href":"https:\/\/tvsensor.com\/api\/wp\/v2\/posts\/25196","targetHints":{"allow":["GET"]}}],"collection":[{"href":"https:\/\/tvsensor.com\/api\/wp\/v2\/posts"}],"about":[{"href":"https:\/\/tvsensor.com\/api\/wp\/v2\/types\/post"}],"author":[{"embeddable":true,"href":"https:\/\/tvsensor.com\/api\/wp\/v2\/users\/59"}],"replies":[{"embeddable":true,"href":"https:\/\/tvsensor.com\/api\/wp\/v2\/comments?post=25196"}],"version-history":[{"count":1,"href":"https:\/\/tvsensor.com\/api\/wp\/v2\/posts\/25196\/revisions"}],"predecessor-version":[{"id":25198,"href":"https:\/\/tvsensor.com\/api\/wp\/v2\/posts\/25196\/revisions\/25198"}],"wp:featuredmedia":[{"embeddable":true,"href":"https:\/\/tvsensor.com\/api\/wp\/v2\/media\/25197"}],"wp:attachment":[{"href":"https:\/\/tvsensor.com\/api\/wp\/v2\/media?parent=25196"}],"wp:term":[{"taxonomy":"category","embeddable":true,"href":"https:\/\/tvsensor.com\/api\/wp\/v2\/categories?post=25196"},{"taxonomy":"post_tag","embeddable":true,"href":"https:\/\/tvsensor.com\/api\/wp\/v2\/tags?post=25196"}],"curies":[{"name":"wp","href":"https:\/\/api.w.org\/{rel}","templated":true}]}}