{"id":25193,"date":"2021-03-15T19:04:39","date_gmt":"2021-03-15T18:04:39","guid":{"rendered":"https:\/\/senzor.ba\/?p=25193"},"modified":"2024-01-15T21:39:27","modified_gmt":"2024-01-15T20:39:27","slug":"pasovic-nase-najvece-srece-su-pomijesane-sa-najvecim-tugama","status":"publish","type":"post","link":"https:\/\/tvsensor.com\/clanak\/pasovic-nase-najvece-srece-su-pomijesane-sa-najvecim-tugama\/","title":{"rendered":"Pa\u0161ovi\u0107: Na\u0161e najve\u0107e sre\u0107e su pomije\u0161ane sa najve\u0107im tugama"},"content":{"rendered":"\n<p><strong>&#8220;Ja sam tako sre\u0107an i toliko mi je to velika stvar da su ti mladi ljudi &#8220;osvojili&#8221; svijet svojim znanjem, talentom i \u0161armom. Neizrecivo je to&#8221;, kazao je re\u017eiser Haris Pa\u0161ovi\u0107 o uspjehu filma &#8220;Quo vadis, Aida?&#8221;.<\/strong><\/p>\n\n\n\n<p>\u201cNa\u0161e najve\u0107e sre\u0107e su pomije\u0161ane s najve\u0107im tugama. Ovaj film je dosegao svjetski vrh, Jasmila \u017dbani\u0107 i ekipa su u\u010dinili da mi postanemo uspravni ljudi jedne male zemlje koja se uru\u0161ava\u201d, istakao je Pa\u0161ovi\u0107 za N1 i dodao:<\/p>\n\n\n\n<p>\u201cTragedija koja je opisana se ne mo\u017ee preboljeti, to je tragedija koja traje. Istovremeno jedan veliki uspjeh i jedna tragi\u010dna pri\u010da. Nakon toliko kriza, migrantske krize, sada imamo jednu vijest s kojom se mo\u017eemo ponositi\u201d.<\/p>\n\n\n\n<p>Dodaje da \u0107e se na osnovu projekata kao \u0161to je ovaj film u budu\u0107nosti mo\u0107i razgovarati i razvijati dijalog me\u0111u budu\u0107im generacijama.<\/p>\n\n\n\n<p>\u201cJa sam tako sre\u0107an i toliko mi je to velika stvar da su ti mladi ljudi \u201cosvojili\u201d svijet svojim znanjem, talentom i \u0161armom. Neizrecivo je to. Bio sam nedavno u Srbiji i mnogi s kojima sam pri\u010dao su rekli da su potreseni filmom.<\/p>\n\n\n\n<p>Stvorila se dobra i pozitivna atmosfera s ovim filmom, to je ono za\u0161to vjerujemo da \u0107e budu\u0107e generacije mo\u0107i ostvariti dijalog na tome\u201d.<\/p>\n\n\n\n<p>Pa\u0161ovi\u0107 je jo\u0161 kazao da mi kao narod ne volimo uspje\u0161ne ljude jer oni postavljaju standard kako mo\u017ee i kako treba da bude.<\/p>\n\n\n\n<p>\u201cMi ne volimo uspje\u0161ne ljude tu pored nas jer oni su standard kako mo\u017ee i kako treba. Ima tu puno stvari, meni je vrlo \u017eao \u0161to mladi ljudi koji imaju talenat samo neki od njih uspijevaju ovo \u0161to su Jasmila i Damir. Damir je jedan od najboljih producenata, ne znam da li postoji pet intervjua s njim. Mi samo tra\u017eimo da se prepi\u0161u uslovi iz Hrvatske u BiH, ali ne. Politi\u010dari ako ne vide svoju korist u tome, oni to jednostavno ne\u0107e uraditi. Ali gra\u0111ani to \u017eele, pre\u017eivjeli Srebrenice to \u017eele i ima neki stra\u0161an prkos kod nas, pa \u0161to nas politi\u010dari vi\u0161e spre\u010davaju, mi vi\u0161e to \u017eelimo\u201d.<\/p>\n\n\n\n<p>tvsensor.com\/N1<\/p>\n","protected":false},"excerpt":{"rendered":"<p>&#8220;Ja sam tako sre\u0107an i toliko mi je to velika stvar da su ti mladi ljudi &#8220;osvojili&#8221; svijet svojim znanjem, talentom i \u0161armom. Neizrecivo je to&#8221;, kazao je re\u017eiser Haris Pa\u0161ovi\u0107 o uspjehu filma &#8220;Quo vadis, Aida?&#8221;. \u201cNa\u0161e najve\u0107e sre\u0107e su pomije\u0161ane s najve\u0107im tugama. Ovaj film je dosegao svjetski vrh, Jasmila \u017dbani\u0107 i ekipa [&hellip;]<\/p>\n","protected":false},"author":7,"featured_media":25194,"comment_status":"closed","ping_status":"closed","sticky":false,"template":"","format":"standard","meta":{"inline_featured_image":false,"footnotes":""},"categories":[376,37,38],"tags":[],"class_list":{"0":"post-25193","1":"post","2":"type-post","3":"status-publish","4":"format-standard","5":"has-post-thumbnail","7":"category-featured","8":"category-vijesti","9":"category-vijesti-iz-bih"},"acf":[],"_links":{"self":[{"href":"https:\/\/tvsensor.com\/api\/wp\/v2\/posts\/25193","targetHints":{"allow":["GET"]}}],"collection":[{"href":"https:\/\/tvsensor.com\/api\/wp\/v2\/posts"}],"about":[{"href":"https:\/\/tvsensor.com\/api\/wp\/v2\/types\/post"}],"author":[{"embeddable":true,"href":"https:\/\/tvsensor.com\/api\/wp\/v2\/users\/7"}],"replies":[{"embeddable":true,"href":"https:\/\/tvsensor.com\/api\/wp\/v2\/comments?post=25193"}],"version-history":[{"count":1,"href":"https:\/\/tvsensor.com\/api\/wp\/v2\/posts\/25193\/revisions"}],"predecessor-version":[{"id":25195,"href":"https:\/\/tvsensor.com\/api\/wp\/v2\/posts\/25193\/revisions\/25195"}],"wp:featuredmedia":[{"embeddable":true,"href":"https:\/\/tvsensor.com\/api\/wp\/v2\/media\/25194"}],"wp:attachment":[{"href":"https:\/\/tvsensor.com\/api\/wp\/v2\/media?parent=25193"}],"wp:term":[{"taxonomy":"category","embeddable":true,"href":"https:\/\/tvsensor.com\/api\/wp\/v2\/categories?post=25193"},{"taxonomy":"post_tag","embeddable":true,"href":"https:\/\/tvsensor.com\/api\/wp\/v2\/tags?post=25193"}],"curies":[{"name":"wp","href":"https:\/\/api.w.org\/{rel}","templated":true}]}}