{"id":25190,"date":"2021-03-15T18:30:01","date_gmt":"2021-03-15T17:30:01","guid":{"rendered":"https:\/\/senzor.ba\/?p=25190"},"modified":"2024-01-15T21:39:27","modified_gmt":"2024-01-15T20:39:27","slug":"majke-srebrenice-jasmila-ovim-filmom-probudila-i-one-koji-su-25-godina-spavali","status":"publish","type":"post","link":"https:\/\/tvsensor.com\/clanak\/majke-srebrenice-jasmila-ovim-filmom-probudila-i-one-koji-su-25-godina-spavali\/","title":{"rendered":"Majke Srebrenice: &#8220;Jasmila ovim filmom probudila i one koji su 25 godina spavali&#8221;"},"content":{"rendered":"\n<p>Film&nbsp;<strong><em>Quo vadis, Aida?,<\/em><\/strong>&nbsp;bosanskohercegova\u010dke redateljice&nbsp;<strong>Jasmile \u017dbani\u0107<\/strong>&nbsp;u\u0161ao je u zvani\u010dni izbor&nbsp;<strong>nominovanih filmova za nagradu Oscar<\/strong>, objavila je Akademija filmskih umjetnosti i nauka (AMPAS).<\/p>\n\n\n\n<p><strong>Pre\u017eivjele \u017ertve genocida se nadaju da \u0107e nominacija pove\u0107ati razumijevanje doga\u0111aja u Srebrenici<\/strong>.<\/p>\n\n\n\n<p><strong>Munira Suba\u0161i\u0107<\/strong>, predsjednica Udru\u017eenja Majke enklave Srebrenica i \u017depa, do\u017eivjela je zvani\u010dnu nominaciju me\u0111u pet najboljih stranih filmova kao\u00a0<strong>veliku pobjedu<\/strong>\u00a0i \u201ckona\u010dno shvatanje svijeta \u0161ta se stvarno desilo\u201d.<\/p>\n\n\n\n<p>&#8220;Za one koji su 25 godina spavali, Jasmila je ovim filmom i njih probudila&#8221;, kazala je ona za&nbsp;<em>Balkansku istra\u017eiva\u010dku mre\u017eu Bosne i Hercegovine (BIRN BiH)<\/em>.<\/p>\n\n\n\n<p>Suba\u0161i\u0107 je rekla da je film za nju poseban jer pokazuje snagu majki Srebrenice da iznesu teret na svojim le\u0111ima, kako tokom rata, tako i poslije rata, odgajanjem svoje djece da ne mrze i da budu dobri ljudi.<\/p>\n\n\n\n<p>\u201cOna je kao \u017eena Bosne i Hercegovine prva napravila film o genocidu u Srebrenici.\u00a0<strong>\u010citav svijet zna \u0161ta se desilo, ali se niko nije usudio film napraviti. Ja joj na tome \u010destitam<\/strong>\u201d, istakla je Suba\u0161i\u0107.<\/p>\n\n\n\n<p><em>Film prati Aidu, prevoditeljicu Ujedinjenih nacija (UN) u Srebrenici, i njenu pri\u010du u trenutku kada srpske snage zauzimaju grad, a njena porodica se na\u0111e me\u0111u hiljadama gra\u0111ana koji tra\u017ee skloni\u0161te u UN-ovom kampu. U kategoriji za najbolji strani film, osim Quo vadis, Aida?, nominovani su i filmovi Another Round, Better Days, Collective i The Man Who Sold His Skin.<\/em><\/p>\n\n\n\n<p><strong>U julu 1995. godine u Srebrenici je ubijeno vi\u0161e od 7.000 mu\u0161karaca i dje\u010daka<\/strong>, a prognano je preko 40.000 \u017eena, djece i staraca. Do sada je pred Sudom BiH i Ha\u0161kim tribunalom za ove zlo\u010dine osu\u0111eno 40 osoba, na oko 700 godina zatvora i \u010detiri do\u017eivotne kazne. Ovim presudama utvr\u0111eno je da se u Srebrenici desio genocid, a do istog zaklju\u010dka do\u0161ao je i Me\u0111unarodni sud pravde (ICJ) odlu\u010duju\u0107i o tu\u017ebi BiH protiv Srbije.<\/p>\n\n\n\n<p>&#8220;Nadam se da oni koji nisu znali \u0161ta se desilo da kad pogledaju film, znat \u0107e pravu istinu, a nama je samo cilj da do\u0111emo do istine i pravde.&nbsp;<strong>I da se nikad vi\u0161e nigdje ne ponovi srebreni\u010dki genocid i da sva djeca svijeta imaju ljep\u0161u i sretniju budu\u0107nost nego \u0161to smo imali mi, majke i na\u0161a djeca koja su ubijena<\/strong>&#8220;, poru\u010dila je Suba\u0161i\u0107.<\/p>\n\n\n\n<p>Progla\u0161enje dobitnika 93. Oscara odr\u017eat \u0107e se 25. aprila 2021. godine.<\/p>\n\n\n\n<p>Film&nbsp;<em>Quo vadis, Aida?<\/em>&nbsp;dobio je nagrade na filmskim festivalima u Luksemburgu, Valenciji, Rotterdamu, Goteborgu, Jerusalemu, Londonu, Savoli, Egiptu, a nedavno je nominovan i za dvije BAFTA nagrade, u kategorijama za najbolju re\u017eiju i najbolji strani film.<\/p>\n","protected":false},"excerpt":{"rendered":"<p>Film&nbsp;Quo vadis, Aida?,&nbsp;bosanskohercegova\u010dke redateljice&nbsp;Jasmile \u017dbani\u0107&nbsp;u\u0161ao je u zvani\u010dni izbor&nbsp;nominovanih filmova za nagradu Oscar, objavila je Akademija filmskih umjetnosti i nauka (AMPAS). Pre\u017eivjele \u017ertve genocida se nadaju da \u0107e nominacija pove\u0107ati razumijevanje doga\u0111aja u Srebrenici. Munira Suba\u0161i\u0107, predsjednica Udru\u017eenja Majke enklave Srebrenica i \u017depa, do\u017eivjela je zvani\u010dnu nominaciju me\u0111u pet najboljih stranih filmova kao\u00a0veliku pobjedu\u00a0i \u201ckona\u010dno [&hellip;]<\/p>\n","protected":false},"author":59,"featured_media":25191,"comment_status":"closed","ping_status":"closed","sticky":false,"template":"","format":"standard","meta":{"inline_featured_image":false,"footnotes":""},"categories":[46],"tags":[],"class_list":{"0":"post-25190","1":"post","2":"type-post","3":"status-publish","4":"format-standard","5":"has-post-thumbnail","7":"category-kultura"},"acf":[],"_links":{"self":[{"href":"https:\/\/tvsensor.com\/api\/wp\/v2\/posts\/25190","targetHints":{"allow":["GET"]}}],"collection":[{"href":"https:\/\/tvsensor.com\/api\/wp\/v2\/posts"}],"about":[{"href":"https:\/\/tvsensor.com\/api\/wp\/v2\/types\/post"}],"author":[{"embeddable":true,"href":"https:\/\/tvsensor.com\/api\/wp\/v2\/users\/59"}],"replies":[{"embeddable":true,"href":"https:\/\/tvsensor.com\/api\/wp\/v2\/comments?post=25190"}],"version-history":[{"count":1,"href":"https:\/\/tvsensor.com\/api\/wp\/v2\/posts\/25190\/revisions"}],"predecessor-version":[{"id":25192,"href":"https:\/\/tvsensor.com\/api\/wp\/v2\/posts\/25190\/revisions\/25192"}],"wp:featuredmedia":[{"embeddable":true,"href":"https:\/\/tvsensor.com\/api\/wp\/v2\/media\/25191"}],"wp:attachment":[{"href":"https:\/\/tvsensor.com\/api\/wp\/v2\/media?parent=25190"}],"wp:term":[{"taxonomy":"category","embeddable":true,"href":"https:\/\/tvsensor.com\/api\/wp\/v2\/categories?post=25190"},{"taxonomy":"post_tag","embeddable":true,"href":"https:\/\/tvsensor.com\/api\/wp\/v2\/tags?post=25190"}],"curies":[{"name":"wp","href":"https:\/\/api.w.org\/{rel}","templated":true}]}}