{"id":25179,"date":"2021-03-15T16:17:05","date_gmt":"2021-03-15T15:17:05","guid":{"rendered":"https:\/\/senzor.ba\/?p=25179"},"modified":"2024-01-15T21:39:28","modified_gmt":"2024-01-15T20:39:28","slug":"zbanic-ovaj-film-nije-napravljen-da-bi-ljude-dijelio-i-sukobio-nego-naprotiv","status":"publish","type":"post","link":"https:\/\/tvsensor.com\/clanak\/zbanic-ovaj-film-nije-napravljen-da-bi-ljude-dijelio-i-sukobio-nego-naprotiv\/","title":{"rendered":"\u017dbani\u0107: Ovaj film nije napravljen da bi ljude dijelio i sukobio, nego naprotiv"},"content":{"rendered":"\n<p>Iz produkcije Deblokada oglasili su se saop\u0107enjem gdje ka\u017eu kako sa velikim zadovoljstvom informi\u0161u javnost da je film \u201cQuo Vadis, Aida?\u201d bosanskohercegova\u010dke scenaristice i rediteljice Jasmile \u017dbani\u0107 nominovan za najpresti\u017eniju filmsku nagradu Oskar u kategoriji za najbolji strani film. Nagradu Oskar dodjeljuje Ameri\u010dka filmska akademija, a ovogodi\u0161nja 93. dodjele nagrada \u0107e biti odr\u017eana 25. aprila 2021. godine.<\/p>\n\n\n\n<p>\u201eCijela ekipa filma se zahvaljuje \u010dlanovima Akademije koji su glasali za \u2018Quo vadis Aida?\u2019, majkama, \u017eenama i drugim pre\u017eivjelim Srebreni\u010danima koji su nam bili oslonac, podstrek i inspiracija, te mnogim prijateljima koji su nam dali podr\u0161ku. Za nas je ovaj film i vi\u0161e od filma: To je podsjetnik da se genocid i ovaj u Srebrenici, kao i bio koji drugi koji se desio na ovom podru\u010dju u pro\u0161losti \u2013 ne smije negirati i zaboraviti. Ovaj film nije napravljen da bi ljude dijelio i sukobio, nego naprotiv \u2013 da bismo bolje razumjeli jedni druge\u201c, izjavila je rediteljica Jasmila \u017dbani\u0107.<\/p>\n\n\n\n<p>\u201cQuo Vadis, Aida?\u201d nominovan je za i&nbsp; nagradu BAFTA, Britanske filmske akademije u dvije kategorije, za najbolji strani film i Jasmila \u017dbani\u0107 za najbolju rediteljicu.<\/p>\n\n\n\n<p>Film nastavlja da ni\u017ee uspjehe na filmskim festivalima \u0161irom svijeta. Tokom proteklog vikenda dobitnik je glavne nagrade \u201cGrand Prix by Orange\u201d i nagrade kritike na Luxemburg City film festivalu dok je na Miami film festivalu osvojio glavnu nagrade \u201cKnight MARIMBAS\u201d kao i Nagradu kritike.<\/p>\n\n\n\n<p>Glavne uloge u filmu su ostvarili Jasna \u0110uri\u010di\u0107, Izudin Bajrovi\u0107, Boris Isakovi\u0107, Johan Heldenbergh, Raymond Thiry, Boris Ler, Dino Bajrovi\u0107, Emir Had\u017eihafizbegovi\u0107 i Edita Malov\u010di\u0107.<\/p>\n\n\n\n<p>Producenti filma su Damir Ibrahimovi\u0107 i Jasmila \u017dbani\u0107 (Deblokada, BiH), a film je realizovan u koprodukciji sa Coop99 (Austrija), Digital Cube (Rumunija) , N279 Entertainment (Holandija), Razor Film (Njema\u010dka), Extreme Emotions (Poljska), Indie Prod (Francuska) i Torden Film (Norve\u0161ka), u partnerstvu sa Radio-televizijom Bosne i Hercegovine, turskom TRT, njema\u010dko-francuskom TV ARTE\/ ZDF i austrijskom ORF.<\/p>\n\n\n\n<p>Kampanju za nominaciju filma za nagradu Oscar podr\u017eali su partneri BH Telecom, BBI Banka i Fondacija za kinematografiju Sarajevo.<\/p>\n","protected":false},"excerpt":{"rendered":"<p>Iz produkcije Deblokada oglasili su se saop\u0107enjem gdje ka\u017eu kako sa velikim zadovoljstvom informi\u0161u javnost da je film \u201cQuo Vadis, Aida?\u201d bosanskohercegova\u010dke scenaristice i rediteljice Jasmile \u017dbani\u0107 nominovan za najpresti\u017eniju filmsku nagradu Oskar u kategoriji za najbolji strani film. Nagradu Oskar dodjeljuje Ameri\u010dka filmska akademija, a ovogodi\u0161nja 93. dodjele nagrada \u0107e biti odr\u017eana 25. aprila [&hellip;]<\/p>\n","protected":false},"author":59,"featured_media":25180,"comment_status":"closed","ping_status":"closed","sticky":false,"template":"","format":"standard","meta":{"inline_featured_image":false,"footnotes":""},"categories":[46],"tags":[],"class_list":{"0":"post-25179","1":"post","2":"type-post","3":"status-publish","4":"format-standard","5":"has-post-thumbnail","7":"category-kultura"},"acf":[],"_links":{"self":[{"href":"https:\/\/tvsensor.com\/api\/wp\/v2\/posts\/25179","targetHints":{"allow":["GET"]}}],"collection":[{"href":"https:\/\/tvsensor.com\/api\/wp\/v2\/posts"}],"about":[{"href":"https:\/\/tvsensor.com\/api\/wp\/v2\/types\/post"}],"author":[{"embeddable":true,"href":"https:\/\/tvsensor.com\/api\/wp\/v2\/users\/59"}],"replies":[{"embeddable":true,"href":"https:\/\/tvsensor.com\/api\/wp\/v2\/comments?post=25179"}],"version-history":[{"count":1,"href":"https:\/\/tvsensor.com\/api\/wp\/v2\/posts\/25179\/revisions"}],"predecessor-version":[{"id":25181,"href":"https:\/\/tvsensor.com\/api\/wp\/v2\/posts\/25179\/revisions\/25181"}],"wp:featuredmedia":[{"embeddable":true,"href":"https:\/\/tvsensor.com\/api\/wp\/v2\/media\/25180"}],"wp:attachment":[{"href":"https:\/\/tvsensor.com\/api\/wp\/v2\/media?parent=25179"}],"wp:term":[{"taxonomy":"category","embeddable":true,"href":"https:\/\/tvsensor.com\/api\/wp\/v2\/categories?post=25179"},{"taxonomy":"post_tag","embeddable":true,"href":"https:\/\/tvsensor.com\/api\/wp\/v2\/tags?post=25179"}],"curies":[{"name":"wp","href":"https:\/\/api.w.org\/{rel}","templated":true}]}}