{"id":25168,"date":"2021-03-15T11:43:18","date_gmt":"2021-03-15T10:43:18","guid":{"rendered":"https:\/\/senzor.ba\/?p=25168"},"modified":"2024-01-15T21:39:28","modified_gmt":"2024-01-15T20:39:28","slug":"poljoprivrednici-se-spremaju-da-izadju-na-granice","status":"publish","type":"post","link":"https:\/\/tvsensor.com\/clanak\/poljoprivrednici-se-spremaju-da-izadju-na-granice\/","title":{"rendered":"Poljoprivrednici se spremaju da iza\u0111u na granice"},"content":{"rendered":"\n<p><strong>Uvo\u0111enje prelevmana &#8211; za\u0161titnih mjera koje smo tra\u017eili kako bi opstala proizvodnja mesa &#8211; o\u010digledno se ne\u0107e desiti, te poljoprivrednici iz oba entiteta ve\u0107 pregovaraju i pripremaju zajedni\u010dke proteste na granicama u BiH.<\/strong><\/p>\n\n\n\n<p>Ovo su potvrdili predstavnici poljoprivrednih udru\u017eenja iz oba entiteta u BiH.<\/p>\n\n\n\n<p>Iz Ministarstva vanjske trgovine i ekonomskih odnosa BiH nisu mogli re\u0107i kada \u0107e se odluka o uvo\u0111enju privremenih mjera za\u0161tite na\u0107i na dnevnom redu sjednice Vije\u0107a ministara BiH.<\/p>\n\n\n\n<p>Ka\u017eu da kompletiraju dokumentaciju i \u010dim ona bude gotova, odluka ide pred ministre na razmatranje.<\/p>\n\n\n\n<p>U me\u0111uvremenu poljoprivredni proizvo\u0111a\u010di u BiH izgubili su svaku nadu, a iz dana u dan im je sve gore. Vi\u0161kovi mesa, mlijeka, povr\u0107a se gomilaju, a na pragu je proljetna sjetva za koju je repromaterijal poskupio od 20 do 50 posto.<\/p>\n\n\n\n<p>Stojan Marinkovi\u0107, predsjednik Udru\u017eenja poljoprivrednih proizvo\u0111a\u010da RS, za \u201cNezavisne\u201d ka\u017ee da poljoprivrednici razmatraju odluku o protestima, te da aktivno pregovaraju sa svim udru\u017eenjima u BiH.<\/p>\n\n\n\n<p>&#8211; O\u010dito je da ni\u0161ta drugo ne\u0107e mo\u0107i da doprinese rje\u0161avanju tog problema i najvjerovantije \u0107e, kako stvari sad stoje, poljoprivrednici iza\u0107i na granice. Dogovori su u toku, ne bih vi\u0161e ni\u0161ta da otkrivam, razmatraju se razne solucije, a mi \u0107emo blagovremeno javnost i nadle\u017ene obavijestiti o tome \u2013 ka\u017ee Marinkovi\u0107.<\/p>\n\n\n\n<p>Dodaje kako je o\u010dito da pojedini ministri u Vije\u0107u ministara ne vide ozbiljnost situacije u kojoj\u00a0 se doma\u0107a poljoprivreda nalazi.<\/p>\n\n\n\n<p>&#8211; Na\u017ealost, nijedno\u00a0 rje\u0161enje koje je kao ponuda do\u0161lo\u00a0 od poljoprivrednika nije nai\u0161lo na razumijevanje i opet na\u017ealost nema drugog na\u010dina osim protesta da se bilo \u0161ta rije\u0161i \u2013 ka\u017ee Marinkovi\u0107.<\/p>\n\n\n\n<p>Obja\u0161njava da su svi proizvo\u0111a\u010di na svoj na\u010din o\u0161te\u0107eni i ugro\u017eeni, i mljekari i povrtari.<\/p>\n\n\n\n<p>&#8211; Na pragu smo proljetne sjetve, a repromaterijal je poskupio od 20 do 50 posto, gledaju\u0107i sjemenske materijale, \u0111ubriva, cijena nafte je u stalnom porastu. Prijeti nam neizvjesno prolje\u0107e, a s druge strane, pune su hladnja\u010de, hangari, ali i \u0161tale kod poljoprivrednika i\u00a0 farmera. Mljekare imaju vi\u0161kove koje ne mogu da\u00a0 prodaju iako je cijena mlijeka sni\u017eena. U svim sektorima poljoprivrede bilje\u017eimo pad \u2013 ka\u017ee Marinkovi\u0107.<\/p>\n\n\n\n<p>Ned\u017ead Bi\u0107o, predsjednik Udru\u017eenja poljoprivrednika FBiH, za \u201cNezavisne\u201d&nbsp; isti\u010de da se pregovara o protestima poljoprivrednika jer su poljoprivredni proizvo\u0111a\u010di u veoma te\u0161koj situaciji.<\/p>\n\n\n\n<p>Tvrdi da su farme prazne u Federaciji, da mesa fali jer farmeri vi\u0161e ne \u017eele da\u00a0 tove \u017eivotinje.<\/p>\n\n\n\n<p>&#8211; Ugasile su se farme sa tovovima, nema vi\u0161e\u00a0 mesa u FBiH \u2013 ka\u017ee Bi\u0107o.<\/p>\n\n\n\n<p>Isti\u010de da je proizvodnja skuplja od prodaje i farmeri odustaju od proizvodnje.<\/p>\n\n\n\n<p>&#8211; Mesa vi\u0161e nema,\u00a0 ostalo je dosta i krompira i mislim da \u0107e\u00a0 proizvo\u0111a\u010di ove godine odustati i od toga. S druge strane, poskupjeli su ulje i bra\u0161no, a ne vidim razlog zbog \u010dega jer svi oni koriste pro\u0161logodi\u0161nji repromaterijal za proizvodnju. Situcija je veoma te\u0161ka za poljoprivrednike \u2013 kazao je Bi\u0107o.<\/p>\n","protected":false},"excerpt":{"rendered":"<p>Uvo\u0111enje prelevmana &#8211; za\u0161titnih mjera koje smo tra\u017eili kako bi opstala proizvodnja mesa &#8211; o\u010digledno se ne\u0107e desiti, te poljoprivrednici iz oba entiteta ve\u0107 pregovaraju i pripremaju zajedni\u010dke proteste na granicama u BiH. Ovo su potvrdili predstavnici poljoprivrednih udru\u017eenja iz oba entiteta u BiH. Iz Ministarstva vanjske trgovine i ekonomskih odnosa BiH nisu mogli re\u0107i [&hellip;]<\/p>\n","protected":false},"author":59,"featured_media":25169,"comment_status":"closed","ping_status":"closed","sticky":false,"template":"","format":"standard","meta":{"inline_featured_image":false,"footnotes":""},"categories":[44],"tags":[],"class_list":{"0":"post-25168","1":"post","2":"type-post","3":"status-publish","4":"format-standard","5":"has-post-thumbnail","7":"category-poljoprivreda"},"acf":[],"_links":{"self":[{"href":"https:\/\/tvsensor.com\/api\/wp\/v2\/posts\/25168","targetHints":{"allow":["GET"]}}],"collection":[{"href":"https:\/\/tvsensor.com\/api\/wp\/v2\/posts"}],"about":[{"href":"https:\/\/tvsensor.com\/api\/wp\/v2\/types\/post"}],"author":[{"embeddable":true,"href":"https:\/\/tvsensor.com\/api\/wp\/v2\/users\/59"}],"replies":[{"embeddable":true,"href":"https:\/\/tvsensor.com\/api\/wp\/v2\/comments?post=25168"}],"version-history":[{"count":1,"href":"https:\/\/tvsensor.com\/api\/wp\/v2\/posts\/25168\/revisions"}],"predecessor-version":[{"id":25170,"href":"https:\/\/tvsensor.com\/api\/wp\/v2\/posts\/25168\/revisions\/25170"}],"wp:featuredmedia":[{"embeddable":true,"href":"https:\/\/tvsensor.com\/api\/wp\/v2\/media\/25169"}],"wp:attachment":[{"href":"https:\/\/tvsensor.com\/api\/wp\/v2\/media?parent=25168"}],"wp:term":[{"taxonomy":"category","embeddable":true,"href":"https:\/\/tvsensor.com\/api\/wp\/v2\/categories?post=25168"},{"taxonomy":"post_tag","embeddable":true,"href":"https:\/\/tvsensor.com\/api\/wp\/v2\/tags?post=25168"}],"curies":[{"name":"wp","href":"https:\/\/api.w.org\/{rel}","templated":true}]}}