{"id":25159,"date":"2021-03-15T06:16:35","date_gmt":"2021-03-15T05:16:35","guid":{"rendered":"https:\/\/senzor.ba\/?p=25159"},"modified":"2024-01-15T21:39:28","modified_gmt":"2024-01-15T20:39:28","slug":"preminuo-mevludin-duric-veliki-borac-za-pacijente","status":"publish","type":"post","link":"https:\/\/tvsensor.com\/clanak\/preminuo-mevludin-duric-veliki-borac-za-pacijente\/","title":{"rendered":"Preminuo Mevludin Duri\u0107, veliki borac za pacijente"},"content":{"rendered":"\n<p>Od posljedica koronavirusa preminuo je Mevludin Duri\u0107, predsjednik Udru\u017eenja dijaliziranih i transplantiranih bolesnika Kantona Sarajevo.<\/p>\n\n\n\n<p><br>Tu vijest na Facebooku objavili su iz Udru\u017eenja dijaliziranih i transplantiranih bolesnika FBiH.<br>&#8211; Tek \u0161to je preuzeo funkciju predsjednika UDiTP KS, prokleti Covid-19 nam je uzeo vrijednog \u010dlana, a tu prazninu \u0107emo te\u0161ko nadoknaditi.<\/p>\n\n\n\n<p>-Veliki radnik i borac za svakog pacijenta. Zajedno smo godinama bili bitke na vi\u0161e frontova. Njegov odlazak veliki je gubitak za sve nas koji se borimo da nam ova dr\u017eava osigura \u017eivot dostojan pacijenta, dostojan \u010dovjeka. \u010cekao je transplantaciju, ali dr\u017eava se nije pobrinula da mu ta mogu\u0107nost bude dostupna! \u010cekao je cjepivo&#8221;, ali dr\u017eava mu ni to nije osigurala. \u017divot zavr\u0161io u 47. godini, kao \u017ertva nesposobne vlasti i sustava u kojem \u017eivimo\u201d, navode iz Udru\u017eenja.<\/p>\n\n\n\n<p>tvsensor.com\/Oslobo\u0111enje<\/p>\n","protected":false},"excerpt":{"rendered":"<p>Od posljedica koronavirusa preminuo je Mevludin Duri\u0107, predsjednik Udru\u017eenja dijaliziranih i transplantiranih bolesnika Kantona Sarajevo. Tu vijest na Facebooku objavili su iz Udru\u017eenja dijaliziranih i transplantiranih bolesnika FBiH.&#8211; Tek \u0161to je preuzeo funkciju predsjednika UDiTP KS, prokleti Covid-19 nam je uzeo vrijednog \u010dlana, a tu prazninu \u0107emo te\u0161ko nadoknaditi. -Veliki radnik i borac za svakog [&hellip;]<\/p>\n","protected":false},"author":7,"featured_media":25160,"comment_status":"closed","ping_status":"closed","sticky":false,"template":"","format":"standard","meta":{"inline_featured_image":false,"footnotes":""},"categories":[376,37,38],"tags":[],"class_list":{"0":"post-25159","1":"post","2":"type-post","3":"status-publish","4":"format-standard","5":"has-post-thumbnail","7":"category-featured","8":"category-vijesti","9":"category-vijesti-iz-bih"},"acf":[],"_links":{"self":[{"href":"https:\/\/tvsensor.com\/api\/wp\/v2\/posts\/25159","targetHints":{"allow":["GET"]}}],"collection":[{"href":"https:\/\/tvsensor.com\/api\/wp\/v2\/posts"}],"about":[{"href":"https:\/\/tvsensor.com\/api\/wp\/v2\/types\/post"}],"author":[{"embeddable":true,"href":"https:\/\/tvsensor.com\/api\/wp\/v2\/users\/7"}],"replies":[{"embeddable":true,"href":"https:\/\/tvsensor.com\/api\/wp\/v2\/comments?post=25159"}],"version-history":[{"count":3,"href":"https:\/\/tvsensor.com\/api\/wp\/v2\/posts\/25159\/revisions"}],"predecessor-version":[{"id":25163,"href":"https:\/\/tvsensor.com\/api\/wp\/v2\/posts\/25159\/revisions\/25163"}],"wp:featuredmedia":[{"embeddable":true,"href":"https:\/\/tvsensor.com\/api\/wp\/v2\/media\/25160"}],"wp:attachment":[{"href":"https:\/\/tvsensor.com\/api\/wp\/v2\/media?parent=25159"}],"wp:term":[{"taxonomy":"category","embeddable":true,"href":"https:\/\/tvsensor.com\/api\/wp\/v2\/categories?post=25159"},{"taxonomy":"post_tag","embeddable":true,"href":"https:\/\/tvsensor.com\/api\/wp\/v2\/tags?post=25159"}],"curies":[{"name":"wp","href":"https:\/\/api.w.org\/{rel}","templated":true}]}}