{"id":25149,"date":"2021-03-14T17:37:00","date_gmt":"2021-03-14T16:37:00","guid":{"rendered":"https:\/\/senzor.ba\/?p=25149"},"modified":"2024-01-15T21:39:28","modified_gmt":"2024-01-15T20:39:28","slug":"sebija-izetbegovic-stanje-je-kriticno-sve-je-popunjeno-bolesnicima","status":"publish","type":"post","link":"https:\/\/tvsensor.com\/clanak\/sebija-izetbegovic-stanje-je-kriticno-sve-je-popunjeno-bolesnicima\/","title":{"rendered":"Sebija Izetbegovi\u0107: Stanje je kriti\u010dno, sve je popunjeno bolesnicima"},"content":{"rendered":"\n<p><strong>Generalna direktorica Klini\u010dkog centra Univerziteta u Sarajevu (KCUS) prof. dr. Sebija Izetbegovi\u0107 izjavila je da je &#8220;stanje kriti\u010dno&#8221; kada je rije\u010d o trenutnoj epidemiolo\u0161koj situaciji i stanju na KCUS-u.<\/strong><\/p>\n\n\n\n<p><strong>\u201cUpravo smo iza\u0161li iz Posebnog respiratornog centra. Sino\u0107 smo bili do pono\u0107i, vr\u0161ili razmje\u0161taj i poku\u0161avali premje\u0161tati lak\u0161e bolesnike. Sve je popunjeno bolesnicima. \u010citava zgrada stare hirurgije je za covid-19\u201d<\/strong>, izjavila je Izetbegovi\u0107 medijima.<\/p>\n\n\n\n<p>Navela je da su Podhrastovi popunjeni, napominju\u0107i da skoro godinu dana rade sve \u0161to mogu, gotovo sami, te da je osoblje iscrpljeno.<\/p>\n\n\n\n<p><strong>\u201cTe\u017eak je psihi\u010dki pritisak biti me\u0111u ovako te\u0161kim bolesnicima. Mi radimo i radi\u0107emo i dalje sve \u0161to mo\u017eemo da spasimo \u0161to vi\u0161e \u017eivota, ali je zaista kriti\u010dno i te\u0161ko stanje. Sve je vi\u0161e oboljelih uposlenika. Kiseonik se tro\u0161i u ogromnim koli\u010dinama. Upravo sam obavije\u0161tena da \u0107e biti problema u snadbijevanju. U strahu sam \u0161ta \u0107e biti sutra i ho\u0107emo li ga imati dovoljno\u201d,<\/strong>&nbsp;dodala je Izetbegovi\u0107.<\/p>\n\n\n\n<p>Prema njenim rije\u010dima, Krizni \u0161tab KS morao je predvidjeti ovu situaciju prema rastu broja zara\u017eenih i oformiti dodatne izolatorije i prostore za oboljele. Izetbegovi\u0107 je apelirala na sve odgovorne da se odmah uklju\u010de u rje\u0161avanje problema smje\u0161tanja novih oboljelih, kao i da obezbijede dostatno snadbijevanje KCUS-a potrebnim koli\u010dinama kiseonika.<\/p>\n\n\n\n<p><strong>\u201c\u017divoti svih hospitaliziranih zavise od toga. Jo\u0161 uvijek imamo dovoljno lijekova i za\u0161titne opreme ali se tro\u0161i u ogromnim koli\u010dinama. Molim gra\u0111ane da pomognu, da po\u0161tuju propisane mjere. Sada je ve\u0107 ogroman broj zara\u017eenih i bolesnih, ali da spasimo \u0161to mo\u017eemo. Zaustaviti dalje \u0161irenje zaraze mo\u017eemo samo zajedno. Molim vas mislite na one koje volite, na prijatelje i svoju rodbinu, svi su potencijalni bolesnici\u201d<\/strong>, navela je Izetbegovi\u0107.<\/p>\n\n\n\n<p>Fena<\/p>\n","protected":false},"excerpt":{"rendered":"<p>Generalna direktorica Klini\u010dkog centra Univerziteta u Sarajevu (KCUS) prof. dr. Sebija Izetbegovi\u0107 izjavila je da je &#8220;stanje kriti\u010dno&#8221; kada je rije\u010d o trenutnoj epidemiolo\u0161koj situaciji i stanju na KCUS-u. \u201cUpravo smo iza\u0161li iz Posebnog respiratornog centra. Sino\u0107 smo bili do pono\u0107i, vr\u0161ili razmje\u0161taj i poku\u0161avali premje\u0161tati lak\u0161e bolesnike. Sve je popunjeno bolesnicima. \u010citava zgrada stare [&hellip;]<\/p>\n","protected":false},"author":7,"featured_media":25150,"comment_status":"closed","ping_status":"closed","sticky":false,"template":"","format":"standard","meta":{"inline_featured_image":false,"footnotes":""},"categories":[376,37,38],"tags":[],"class_list":{"0":"post-25149","1":"post","2":"type-post","3":"status-publish","4":"format-standard","5":"has-post-thumbnail","7":"category-featured","8":"category-vijesti","9":"category-vijesti-iz-bih"},"acf":[],"_links":{"self":[{"href":"https:\/\/tvsensor.com\/api\/wp\/v2\/posts\/25149","targetHints":{"allow":["GET"]}}],"collection":[{"href":"https:\/\/tvsensor.com\/api\/wp\/v2\/posts"}],"about":[{"href":"https:\/\/tvsensor.com\/api\/wp\/v2\/types\/post"}],"author":[{"embeddable":true,"href":"https:\/\/tvsensor.com\/api\/wp\/v2\/users\/7"}],"replies":[{"embeddable":true,"href":"https:\/\/tvsensor.com\/api\/wp\/v2\/comments?post=25149"}],"version-history":[{"count":1,"href":"https:\/\/tvsensor.com\/api\/wp\/v2\/posts\/25149\/revisions"}],"predecessor-version":[{"id":25151,"href":"https:\/\/tvsensor.com\/api\/wp\/v2\/posts\/25149\/revisions\/25151"}],"wp:featuredmedia":[{"embeddable":true,"href":"https:\/\/tvsensor.com\/api\/wp\/v2\/media\/25150"}],"wp:attachment":[{"href":"https:\/\/tvsensor.com\/api\/wp\/v2\/media?parent=25149"}],"wp:term":[{"taxonomy":"category","embeddable":true,"href":"https:\/\/tvsensor.com\/api\/wp\/v2\/categories?post=25149"},{"taxonomy":"post_tag","embeddable":true,"href":"https:\/\/tvsensor.com\/api\/wp\/v2\/tags?post=25149"}],"curies":[{"name":"wp","href":"https:\/\/api.w.org\/{rel}","templated":true}]}}