{"id":25142,"date":"2021-03-14T13:39:45","date_gmt":"2021-03-14T12:39:45","guid":{"rendered":"https:\/\/senzor.ba\/?p=25142"},"modified":"2024-01-15T21:39:29","modified_gmt":"2024-01-15T20:39:29","slug":"bih-klanjana-dzenaza-najstarijoj-srebrenickoj-majci-muski-porobic","status":"publish","type":"post","link":"https:\/\/tvsensor.com\/clanak\/bih-klanjana-dzenaza-najstarijoj-srebrenickoj-majci-muski-porobic\/","title":{"rendered":"BiH: Klanjana d\u017eenaza najstarijoj srebreni\u010dkoj majci Mu\u0161ki Porobi\u0107"},"content":{"rendered":"\n<p>Na mjesnom mezarju u selu Gornji Poto\u010dari (Srebrenica) danas je klanjana d\u017eenaza-namaz majci Mu\u0161ki Porobi\u0107, javlja Anadolu Agency (AA).<\/p>\n\n\n\n<p>Porobi\u0107 je bila najstarija majka Srebrenice, a umrla je 12. marta u 111 godini. Ro\u0111ena je 1910. godine u porodici Nuhanovi\u0107 u \u017depi, a udala se u Gornje Poto\u010dare. U toku \u017eivota do\u017eivjela je i pre\u017eivjela tri rata. U genocidu nad Bo\u0161njacima u Srebrenici u julu 1995. godine ubijena su joj 24 \u010dlana porodice, a me\u0111u njima dva sina Hajrudin i Fuad te suprug Nazif.<\/p>\n\n\n\n<p>\u201cMajka Mu\u0161ka je \u017eivjela 111 godina, \u0161to je u ovom vremenu za ibreta. Mu\u0161ka je pre\u017eivjela dva svjetska rata, agresiju na BiH, genocid nad Bo\u0161njacima u Srebrenici. Izgubila je dva sina u genocidu. I kada insan ovako razmi\u0161lja ne mo\u017ee da ne bude pod utiskom koliko je ta \u017eena u svom \u017eivotu prebrodila te\u0161kih situacija, trenutaka, i opet joj Allah dao da \u017eivi 111 godina, i dao joj \u0161to na\u0161 narod ka\u017ee da preseli s nogu\u201c, rekao je glavni imam Med\u017elisa IZ Srebrenica Damir ef. Pe\u0161tali\u0107.<\/p>\n\n\n\n<p>Pe\u0161tali\u0107 je dodao da se \u201cmoramo pamtiti i sje\u0107ati se majki Srebrenice koje vi\u0161e nisu sa nama na ovom svijetu\u201c.<\/p>\n\n\n\n<p>\u201cOsta\u0107e zapam\u0107eno u istoriji Bo\u0161njaka da je Mu\u0161ka bila najstarija majka Srebrenice, i to je sigurno ono po \u010demu \u0107emo je pamtiti\u201c, naglasio je glavni imam Med\u017elisa IZ Srebrenica.<\/p>\n\n\n\n<p>D\u017eenazu-namaz majci Mu\u0161ki Porobi\u0107 predvodio je njen praunuk D\u017eevad ef. Ori\u0107 koji \u017eivi i radi u Srebrenici.<\/p>\n\n\n\n<p>Iza Mu\u0161ke Porobi\u0107 ostala je k\u0107erka Sajda, sestra Derva koja ima vi\u0161e od stotinu godina, snahe, unuci, praunuci i prapraunuci.<\/p>\n","protected":false},"excerpt":{"rendered":"<p>Na mjesnom mezarju u selu Gornji Poto\u010dari (Srebrenica) danas je klanjana d\u017eenaza-namaz majci Mu\u0161ki Porobi\u0107, javlja Anadolu Agency (AA). Porobi\u0107 je bila najstarija majka Srebrenice, a umrla je 12. marta u 111 godini. Ro\u0111ena je 1910. godine u porodici Nuhanovi\u0107 u \u017depi, a udala se u Gornje Poto\u010dare. U toku \u017eivota do\u017eivjela je i pre\u017eivjela [&hellip;]<\/p>\n","protected":false},"author":59,"featured_media":25143,"comment_status":"closed","ping_status":"closed","sticky":false,"template":"","format":"standard","meta":{"inline_featured_image":false,"footnotes":""},"categories":[38],"tags":[],"class_list":{"0":"post-25142","1":"post","2":"type-post","3":"status-publish","4":"format-standard","5":"has-post-thumbnail","7":"category-vijesti-iz-bih"},"acf":[],"_links":{"self":[{"href":"https:\/\/tvsensor.com\/api\/wp\/v2\/posts\/25142","targetHints":{"allow":["GET"]}}],"collection":[{"href":"https:\/\/tvsensor.com\/api\/wp\/v2\/posts"}],"about":[{"href":"https:\/\/tvsensor.com\/api\/wp\/v2\/types\/post"}],"author":[{"embeddable":true,"href":"https:\/\/tvsensor.com\/api\/wp\/v2\/users\/59"}],"replies":[{"embeddable":true,"href":"https:\/\/tvsensor.com\/api\/wp\/v2\/comments?post=25142"}],"version-history":[{"count":1,"href":"https:\/\/tvsensor.com\/api\/wp\/v2\/posts\/25142\/revisions"}],"predecessor-version":[{"id":25144,"href":"https:\/\/tvsensor.com\/api\/wp\/v2\/posts\/25142\/revisions\/25144"}],"wp:featuredmedia":[{"embeddable":true,"href":"https:\/\/tvsensor.com\/api\/wp\/v2\/media\/25143"}],"wp:attachment":[{"href":"https:\/\/tvsensor.com\/api\/wp\/v2\/media?parent=25142"}],"wp:term":[{"taxonomy":"category","embeddable":true,"href":"https:\/\/tvsensor.com\/api\/wp\/v2\/categories?post=25142"},{"taxonomy":"post_tag","embeddable":true,"href":"https:\/\/tvsensor.com\/api\/wp\/v2\/tags?post=25142"}],"curies":[{"name":"wp","href":"https:\/\/api.w.org\/{rel}","templated":true}]}}