{"id":25135,"date":"2021-03-14T13:33:17","date_gmt":"2021-03-14T12:33:17","guid":{"rendered":"https:\/\/senzor.ba\/?p=25135"},"modified":"2024-01-15T21:39:29","modified_gmt":"2024-01-15T20:39:29","slug":"neka-svaki-dan-bude-dan-akcije-za-rijeke","status":"publish","type":"post","link":"https:\/\/tvsensor.com\/clanak\/neka-svaki-dan-bude-dan-akcije-za-rijeke\/","title":{"rendered":"Neka svaki dan bude dan akcije za rijeke"},"content":{"rendered":"\n<p>Predstavnici Koalicije za za\u0161titu rijeka Bosne i Hercegovine, povodom Me\u0111unarodnog dana akcije za rijeke koji se obilje\u017eava 14. marta \u0161irom svijeta, jo\u0161 jednom su poslali poruku da ne odustaju od borbe za rijeke BiH i da se nadaju da \u0107e pozitivne promjene koje se de\u0161avaju u toj oblasti u posljednje vrijeme pomo\u0107i da se zaustavi masovno uni\u0161tavanje bh. rijeka.<br><br>\u00a0&#8211; Prvenstveno \u017eelimo da pohvalimo dono\u0161enje deklaracija za za\u0161titu rijeka koje su usvojene u Predstavni\u010dkom domu Parlamenta FBiH i Narodnoj skup\u0161tini RS, baziranim na zaklju\u010dcima i preporukama Deklaracije o za\u0161titi rijeka zapadnog Balkana, koja je nastala kao reakcija ekolo\u0161kih udru\u017eenja na ogromne \u0161tete po lokalne zajednice i \u017eivotnu sredinu koju uzrokuju male hidroelektrane &#8211;\u00a0 istakla je koordinatorica Koalicije za za\u0161titu rijeka Bosne i Hercegovine Dragana Skenderija.<br><br>Desetine hiljada ljudi svake godine \u0161irom svijeta podi\u017eu glas kako bi slavili rijeke svijeta i ljude koji se bore za njihovu za\u0161titu. Me\u0111unarodni dan akcije za rijeke je dan kada se slave uspjesi kao \u0161to su uklanjanje brana i uspostavljanje prirodnog rije\u010dnog toka.<br><br>&#8211; Prije svega, to je dan kada zajedno djelujemo i pokazujemo da ti problemi nisu samo lokalnog karaktera, ve\u0107 predstavljaju globalni problem &#8211; isti\u010de se u saop\u0107enju.<br><br>Koalicija za za\u0161titu rijeka BiH je pozvala sve gra\u0111ane Srednjobosanskog kantona da se uklju\u010de u tematske sastanke, odnosno javne tribine o temi &#8220;Polo\u017eaj op\u0107ine u kontekstu izmjene i dopune prostornog plana SBK\/KSB (2005 \u2013 2025)&#8221;.<br><br>\u00a0&#8211; Veoma je bitno da se gra\u0111ani i gra\u0111anke uklju\u010duju u procese dono\u0161enja odluka, \u0161to im je i zakonom zagarantovano. U proteklih nekoliko godina malo toga je ura\u0111eno na poticanju u\u010de\u0161\u0107a gra\u0111ana u procesima odlu\u010divanja, te se \u010desto \u010dini da je to u\u010de\u0161\u0107e samo simboli\u010dno. Iako je kultura u\u010de\u0161\u0107a gra\u0111ana u dono\u0161enju odluka nerazvijena i nije rijedak slu\u010daj da na javnim raspravama bude vi\u0161e predstavnika uprave nego gra\u0111ana, ipak se razvija svijest o zna\u010daju u\u010de\u0161\u0107a u ovakvim procesima &#8211; poru\u010duju iz Koalicije.<br><br>O\u010dekuju da \u0107e ova godina biti godina pozitivnih promjena i da \u0107e biti zaustavljeno uni\u0161tavanje bh. rijeka, prvenstveno kroz ukidanje podsticaja za male hidroelektrane ili u kona\u010dnici implementacijom moratorija na izgradnju svih novih malih hidroelektrana, saop\u0107eno je iz Koalicije za za\u0161titu rijeka BiH.<br><br>(tvsensor.com \/ FENA)<\/p>\n","protected":false},"excerpt":{"rendered":"<p>Predstavnici Koalicije za za\u0161titu rijeka Bosne i Hercegovine, povodom Me\u0111unarodnog dana akcije za rijeke koji se obilje\u017eava 14. marta \u0161irom svijeta, jo\u0161 jednom su poslali poruku da ne odustaju od borbe za rijeke BiH i da se nadaju da \u0107e pozitivne promjene koje se de\u0161avaju u toj oblasti u posljednje vrijeme pomo\u0107i da se zaustavi [&hellip;]<\/p>\n","protected":false},"author":59,"featured_media":25136,"comment_status":"closed","ping_status":"closed","sticky":false,"template":"","format":"standard","meta":{"inline_featured_image":false,"footnotes":""},"categories":[443],"tags":[],"class_list":{"0":"post-25135","1":"post","2":"type-post","3":"status-publish","4":"format-standard","5":"has-post-thumbnail","7":"category-ekologija"},"acf":[],"_links":{"self":[{"href":"https:\/\/tvsensor.com\/api\/wp\/v2\/posts\/25135","targetHints":{"allow":["GET"]}}],"collection":[{"href":"https:\/\/tvsensor.com\/api\/wp\/v2\/posts"}],"about":[{"href":"https:\/\/tvsensor.com\/api\/wp\/v2\/types\/post"}],"author":[{"embeddable":true,"href":"https:\/\/tvsensor.com\/api\/wp\/v2\/users\/59"}],"replies":[{"embeddable":true,"href":"https:\/\/tvsensor.com\/api\/wp\/v2\/comments?post=25135"}],"version-history":[{"count":2,"href":"https:\/\/tvsensor.com\/api\/wp\/v2\/posts\/25135\/revisions"}],"predecessor-version":[{"id":25138,"href":"https:\/\/tvsensor.com\/api\/wp\/v2\/posts\/25135\/revisions\/25138"}],"wp:featuredmedia":[{"embeddable":true,"href":"https:\/\/tvsensor.com\/api\/wp\/v2\/media\/25136"}],"wp:attachment":[{"href":"https:\/\/tvsensor.com\/api\/wp\/v2\/media?parent=25135"}],"wp:term":[{"taxonomy":"category","embeddable":true,"href":"https:\/\/tvsensor.com\/api\/wp\/v2\/categories?post=25135"},{"taxonomy":"post_tag","embeddable":true,"href":"https:\/\/tvsensor.com\/api\/wp\/v2\/tags?post=25135"}],"curies":[{"name":"wp","href":"https:\/\/api.w.org\/{rel}","templated":true}]}}