{"id":25123,"date":"2021-03-14T08:14:14","date_gmt":"2021-03-14T07:14:14","guid":{"rendered":"https:\/\/senzor.ba\/?p=25123"},"modified":"2024-01-15T21:39:29","modified_gmt":"2024-01-15T20:39:29","slug":"quo-vadis-aida-dobio-glavnu-nagradu-na-festivalu-u-luksemburgu","status":"publish","type":"post","link":"https:\/\/tvsensor.com\/clanak\/quo-vadis-aida-dobio-glavnu-nagradu-na-festivalu-u-luksemburgu\/","title":{"rendered":"Quo Vadis, Aida dobio glavnu nagradu na festivalu u Luksemburgu"},"content":{"rendered":"\n<p>Film \u201cQuo Vadis, Aida?\u201d bosanskohercegova\u010dke rediteljice Jasmile \u017dbani\u0107 nagra\u0111en je na 11 Luxembourg Film Festivu, objavljeno je u subotu.<\/p>\n\n\n\n<p>Film je dobio glavnu nagradu, kao i nagradu kriti\u010dara.<br><br>Festival se odr\u017eava u hibridnom obliku zbog pandemije. Filmovi su se prikazivali u kinima, ali i putem interneta, za publiku koja zbog epidemiolo\u0161kih mjera nije mogla prisustovati projekcijama.<br><br>Flm \u201eQuo vadis, Aida?\u201c, bosanskohercegova\u010di kandidat za ovogodi\u0161njeg Oscara, po\u010detkom sedmice nominiran je i za najbolji film van engleskog govornog podru\u010dja za BAFTA nagradu, koju dodjeljuje Britanska filmska akademija.<br><br>Sedamdeset i \u010detvrta dodjela BAFTA nagrada bit \u0107e odr\u017eana u nedelju 11. aprila.<br><br>Film je nagra\u0111en i na filmskom festivalu London Film Week u decembru 2020. godine s tri nagrade: za najbolji film i najbolju rediteljicu, dok je najboljom glumicom progla\u0161ena Jasna \u0110uri\u010di\u0107, prenosi Aljazeera.<br><br><strong>Film inspirisan istinitim doga\u0111ajem<\/strong><br><br>\u201cQuo Vadis, Aida?\u201d je film o genocidu u Srebrenici i prvi je igrani film o ovoj temi. Inspirisan istinitim doga\u0111ajima, film govori o UN-ovoj provoditeljici Aidi, bosanskoj muslimanki iz Srebrenice, koja supruga i dva sina poku\u0161ava izbaviti iz bespomo\u0107ne mase ljudi koji su se pred naletom srpske vojske u julu 1995. godine poku\u0161ali spasiti u UN-ovu za\u0161ti\u0107enu zonu u Poto\u010darima.<br><br>Ipak, dok ona ostaje u bazi, njenog supruga i sinove UN predaje srpskim vojnicima, koji ih poslije strijeljaju. U istom genocidu ubijeno je vi\u0161e od 8.000 bo\u0161nja\u010dkih mu\u0161karaca i dje\u010daka.<br><br>Godinama poslije Aida se vra\u0107a u rodnu Srebrenicu, gdje kao u\u010diteljica nastavlja u\u010diti djecu vojnika odgovornih za ubistva njene porodica i sugra\u0111ana.<br><br>Svjetska premijera filma odr\u017eana je na 77. Venecija film festivalu, a nakon toga film je prikazan i na drugim brojnim festivalima me\u0111u njima festival u Torontu, Hamburgu, na Viennaleu u Austriji, festivalu New Horizons u Poljskoj, Festivalu europskog filma u \u0161panskoj Sevilli, meksi\u010dkom Los Cabos film festivalu, francuskom Arras Film festivalu, me\u0111unarodnom film festivalu Macao u Kini.<br><br>Film je u\u0161ao u drugi krug izbora za nagradu Oscar u kategoriji za najbolji strani film. Dodjela Oscara odr\u017eat \u0107e se u nedjelju, 25. aprila, a u\u017eivo \u0107e se prenositi na ABC-u i u vi\u0161e od 225 zemalja \u0161irom svijeta.<br><\/p>\n","protected":false},"excerpt":{"rendered":"<p>Film \u201cQuo Vadis, Aida?\u201d bosanskohercegova\u010dke rediteljice Jasmile \u017dbani\u0107 nagra\u0111en je na 11 Luxembourg Film Festivu, objavljeno je u subotu. Film je dobio glavnu nagradu, kao i nagradu kriti\u010dara. Festival se odr\u017eava u hibridnom obliku zbog pandemije. Filmovi su se prikazivali u kinima, ali i putem interneta, za publiku koja zbog epidemiolo\u0161kih mjera nije mogla prisustovati [&hellip;]<\/p>\n","protected":false},"author":59,"featured_media":25124,"comment_status":"closed","ping_status":"closed","sticky":false,"template":"","format":"standard","meta":{"inline_featured_image":false,"footnotes":""},"categories":[46],"tags":[],"class_list":{"0":"post-25123","1":"post","2":"type-post","3":"status-publish","4":"format-standard","5":"has-post-thumbnail","7":"category-kultura"},"acf":[],"_links":{"self":[{"href":"https:\/\/tvsensor.com\/api\/wp\/v2\/posts\/25123","targetHints":{"allow":["GET"]}}],"collection":[{"href":"https:\/\/tvsensor.com\/api\/wp\/v2\/posts"}],"about":[{"href":"https:\/\/tvsensor.com\/api\/wp\/v2\/types\/post"}],"author":[{"embeddable":true,"href":"https:\/\/tvsensor.com\/api\/wp\/v2\/users\/59"}],"replies":[{"embeddable":true,"href":"https:\/\/tvsensor.com\/api\/wp\/v2\/comments?post=25123"}],"version-history":[{"count":1,"href":"https:\/\/tvsensor.com\/api\/wp\/v2\/posts\/25123\/revisions"}],"predecessor-version":[{"id":25125,"href":"https:\/\/tvsensor.com\/api\/wp\/v2\/posts\/25123\/revisions\/25125"}],"wp:featuredmedia":[{"embeddable":true,"href":"https:\/\/tvsensor.com\/api\/wp\/v2\/media\/25124"}],"wp:attachment":[{"href":"https:\/\/tvsensor.com\/api\/wp\/v2\/media?parent=25123"}],"wp:term":[{"taxonomy":"category","embeddable":true,"href":"https:\/\/tvsensor.com\/api\/wp\/v2\/categories?post=25123"},{"taxonomy":"post_tag","embeddable":true,"href":"https:\/\/tvsensor.com\/api\/wp\/v2\/tags?post=25123"}],"curies":[{"name":"wp","href":"https:\/\/api.w.org\/{rel}","templated":true}]}}