{"id":25114,"date":"2021-03-14T08:03:23","date_gmt":"2021-03-14T07:03:23","guid":{"rendered":"https:\/\/senzor.ba\/?p=25114"},"modified":"2024-01-15T21:39:30","modified_gmt":"2024-01-15T20:39:30","slug":"sirom-njemacke-protesti-zbog-mjera-protiv-covid-19","status":"publish","type":"post","link":"https:\/\/tvsensor.com\/clanak\/sirom-njemacke-protesti-zbog-mjera-protiv-covid-19\/","title":{"rendered":"\u0160irom Njema\u010dke protesti zbog mjera protiv COVID-19"},"content":{"rendered":"\n<p>U mnogim njema\u010dkim gradovima organizirani su protesti zbog mjera uvedenih u cilju spre\u010davanja \u0161irenja zaraze koronavirusom, javlja Anadolu Agency (AA).<\/p>\n\n\n\n<p>Oko hiljadu ljudi pod sloganom \u201dDosta vi\u0161e\u201d okupilo se ispred Ministarstva zdravstva Njema\u010dke u Berlinu.<\/p>\n\n\n\n<p>Demonstranti su istakli transparente na kojima je pisalo \u201dUkinite mjere\u201d, \u201dSloboda umjesto Merkel\u201d, \u201dOsnovna prava nisu poklon\u201d i tome sli\u010dno.<\/p>\n\n\n\n<p>Predstavnici okupljenih kritizirali su uvedene mjere te kazali kako se razmi\u0161lja o zahtjevima farmaceutskog sektora umjesto \u017eelja naroda.<\/p>\n\n\n\n<p>Mnogi prisutni demonstranti nisu nosili maske niti su po\u0161tovali pravila distance. Policija je vi\u0161e puta pozivala na po\u0161tivanje propisanih mjera.<\/p>\n\n\n\n<p>U Dresdenu su odr\u017eani protesti iako su strogo zabranjena masovna javna okupljanja.<\/p>\n\n\n\n<p>Njema\u010dki mediji su izvijestili kako su se okupljeni oglu\u0161ili na pozive policije da prestanu s protestima, a demonstranti koji nisu po\u0161tovali mjere no\u0161enja maske i po\u0161tivanja socijalne distance napali su pripadnike snaga sigurnosti.<\/p>\n\n\n\n<p>Generalni sekretar ogranka Kr\u0161\u0107ansko-demokratske unije (CDU) u Saksoniji Alexander Dierks o\u0161tro je osudio nasilje nad policijom te dodao kako su demonstranti pokazali pravo lice. Vjeruje kako je rije\u010d o osobama sklonim nasilju.<\/p>\n\n\n\n<p>\u201dOvakvi ljudi bi trebali osjetiti \u010dvrsto\u0107u pravne dr\u017eave\u201d, mi\u0161ljenja je Dierks.<\/p>\n\n\n\n<p>U Dusseldorfu se okupilo oko dvije hiljade ljudi. Policija je prekinula demonstracije jer okupljeni nisu nosili maske niti su po\u0161tovali pravila socijalne distance.<\/p>\n\n\n\n<p>Vi\u0161e stotina ljudi okupilo se i na protestima u Kielu, Hannoveru, Stuttgartu i Postdamu.<\/p>\n","protected":false},"excerpt":{"rendered":"<p>U mnogim njema\u010dkim gradovima organizirani su protesti zbog mjera uvedenih u cilju spre\u010davanja \u0161irenja zaraze koronavirusom, javlja Anadolu Agency (AA). Oko hiljadu ljudi pod sloganom \u201dDosta vi\u0161e\u201d okupilo se ispred Ministarstva zdravstva Njema\u010dke u Berlinu. Demonstranti su istakli transparente na kojima je pisalo \u201dUkinite mjere\u201d, \u201dSloboda umjesto Merkel\u201d, \u201dOsnovna prava nisu poklon\u201d i tome sli\u010dno. [&hellip;]<\/p>\n","protected":false},"author":59,"featured_media":25115,"comment_status":"closed","ping_status":"closed","sticky":false,"template":"","format":"standard","meta":{"inline_featured_image":false,"footnotes":""},"categories":[41],"tags":[],"class_list":{"0":"post-25114","1":"post","2":"type-post","3":"status-publish","4":"format-standard","5":"has-post-thumbnail","7":"category-svijet"},"acf":[],"_links":{"self":[{"href":"https:\/\/tvsensor.com\/api\/wp\/v2\/posts\/25114","targetHints":{"allow":["GET"]}}],"collection":[{"href":"https:\/\/tvsensor.com\/api\/wp\/v2\/posts"}],"about":[{"href":"https:\/\/tvsensor.com\/api\/wp\/v2\/types\/post"}],"author":[{"embeddable":true,"href":"https:\/\/tvsensor.com\/api\/wp\/v2\/users\/59"}],"replies":[{"embeddable":true,"href":"https:\/\/tvsensor.com\/api\/wp\/v2\/comments?post=25114"}],"version-history":[{"count":1,"href":"https:\/\/tvsensor.com\/api\/wp\/v2\/posts\/25114\/revisions"}],"predecessor-version":[{"id":25116,"href":"https:\/\/tvsensor.com\/api\/wp\/v2\/posts\/25114\/revisions\/25116"}],"wp:featuredmedia":[{"embeddable":true,"href":"https:\/\/tvsensor.com\/api\/wp\/v2\/media\/25115"}],"wp:attachment":[{"href":"https:\/\/tvsensor.com\/api\/wp\/v2\/media?parent=25114"}],"wp:term":[{"taxonomy":"category","embeddable":true,"href":"https:\/\/tvsensor.com\/api\/wp\/v2\/categories?post=25114"},{"taxonomy":"post_tag","embeddable":true,"href":"https:\/\/tvsensor.com\/api\/wp\/v2\/tags?post=25114"}],"curies":[{"name":"wp","href":"https:\/\/api.w.org\/{rel}","templated":true}]}}