{"id":25110,"date":"2021-03-14T02:17:02","date_gmt":"2021-03-14T01:17:02","guid":{"rendered":"https:\/\/senzor.ba\/?p=25110"},"modified":"2024-01-15T21:39:30","modified_gmt":"2024-01-15T20:39:30","slug":"odluka-evropske-unije","status":"publish","type":"post","link":"https:\/\/tvsensor.com\/clanak\/odluka-evropske-unije\/","title":{"rendered":"ODLUKA EVROPSKE UNIJE"},"content":{"rendered":"\n<h1 class=\"wp-block-heading\" id=\"h-od-17-marta-u-upotrebi-paso-o-vakcinaciji\">Od 17. marta u upotrebi paso\u0161 o vakcinaciji<\/h1>\n\n\n\n<p>Treba potvrditi i Evropski parlament<\/p>\n\n\n\n<p>Paso\u0161-potvrda o vakcinaciji protiv koronavirusa zbog slobodnog putovanja unutar Evropske unije treba da bude na snazi od 17. marta i va\u017eit \u0107e samo za vakcinu \u010diju je djelotvornost ustanovila Evropska agencija za lijekove (EMA), potvrdila je evropska komesarka za unutra\u0161nje poslove Jlva Johanson (Ylva Johansson).<\/p>\n\n\n\n<p>Tu vijest je iz izvora EU najprije prenijela TV mre\u017ea Euronews, a, kako je navedeno, paso\u0161-potvrda o slobodnom putovanju ne isklju\u010duje mogu\u0107nost da gra\u0111ani unutar EU putuju i na osnovu testova kojima dokazuju da nisu zara\u017eeni koronavirusom ili ako pristanu na karantin.<\/p>\n\n\n\n<p><strong>Evropski komesar za pravosu\u0111e Didier Rejndirs (Reynders) je, prema ovim izvorima, stavio do znanja da dr\u017eave \u010dlanice EU mogu svojim gra\u0111anima odobriti vakcinaciju za razne vakcine, ali uvjerenje za slobodno putovanje \u0107e biti izdavano samo za od vakcina koje je odobrila nadle\u017ena evropska slu\u017eba i to su &#8220;Pfizer\/BioNtech&#8221;, &#8220;AstraZeneca&#8221;, &#8220;Moderna&#8221; i &#8220;Johnson&amp;Johnson&#8221;.<\/strong><\/p>\n\n\n\n<p>Paso\u0161-potvrda \u0107e biti dostupna u digitalnom, elektronskom vidu i kao ovjereno uvjerenje na papiru.<\/p>\n\n\n\n<p>Time da \u0107e gra\u0111ani unutar EU mo\u0107i putovati slobodno i uz testove ili karantin se izbjegava bilo koji vid diskriminacije i sad preostaje da ubrzanim postupkom odluku o paso\u0161u, uvjerenju o vakcinaciji potvrdi Evropski parlament.<\/p>\n\n\n\n<p>avaz.ba<\/p>\n","protected":false},"excerpt":{"rendered":"<p>Od 17. marta u upotrebi paso\u0161 o vakcinaciji Treba potvrditi i Evropski parlament Paso\u0161-potvrda o vakcinaciji protiv koronavirusa zbog slobodnog putovanja unutar Evropske unije treba da bude na snazi od 17. marta i va\u017eit \u0107e samo za vakcinu \u010diju je djelotvornost ustanovila Evropska agencija za lijekove (EMA), potvrdila je evropska komesarka za unutra\u0161nje poslove Jlva [&hellip;]<\/p>\n","protected":false},"author":59,"featured_media":25111,"comment_status":"closed","ping_status":"closed","sticky":false,"template":"","format":"standard","meta":{"inline_featured_image":false,"footnotes":""},"categories":[376,41,37],"tags":[],"class_list":{"0":"post-25110","1":"post","2":"type-post","3":"status-publish","4":"format-standard","5":"has-post-thumbnail","7":"category-featured","8":"category-svijet","9":"category-vijesti"},"acf":[],"_links":{"self":[{"href":"https:\/\/tvsensor.com\/api\/wp\/v2\/posts\/25110","targetHints":{"allow":["GET"]}}],"collection":[{"href":"https:\/\/tvsensor.com\/api\/wp\/v2\/posts"}],"about":[{"href":"https:\/\/tvsensor.com\/api\/wp\/v2\/types\/post"}],"author":[{"embeddable":true,"href":"https:\/\/tvsensor.com\/api\/wp\/v2\/users\/59"}],"replies":[{"embeddable":true,"href":"https:\/\/tvsensor.com\/api\/wp\/v2\/comments?post=25110"}],"version-history":[{"count":1,"href":"https:\/\/tvsensor.com\/api\/wp\/v2\/posts\/25110\/revisions"}],"predecessor-version":[{"id":25112,"href":"https:\/\/tvsensor.com\/api\/wp\/v2\/posts\/25110\/revisions\/25112"}],"wp:featuredmedia":[{"embeddable":true,"href":"https:\/\/tvsensor.com\/api\/wp\/v2\/media\/25111"}],"wp:attachment":[{"href":"https:\/\/tvsensor.com\/api\/wp\/v2\/media?parent=25110"}],"wp:term":[{"taxonomy":"category","embeddable":true,"href":"https:\/\/tvsensor.com\/api\/wp\/v2\/categories?post=25110"},{"taxonomy":"post_tag","embeddable":true,"href":"https:\/\/tvsensor.com\/api\/wp\/v2\/tags?post=25110"}],"curies":[{"name":"wp","href":"https:\/\/api.w.org\/{rel}","templated":true}]}}