{"id":25106,"date":"2021-03-13T14:19:20","date_gmt":"2021-03-13T13:19:20","guid":{"rendered":"https:\/\/senzor.ba\/?p=25106"},"modified":"2024-01-15T21:39:30","modified_gmt":"2024-01-15T20:39:30","slug":"new-york-times-o-filmu-quo-vadis-aida-nezaboravna-mucna-prica-o-istini","status":"publish","type":"post","link":"https:\/\/tvsensor.com\/clanak\/new-york-times-o-filmu-quo-vadis-aida-nezaboravna-mucna-prica-o-istini\/","title":{"rendered":"New York Times o filmu &#8216;Quo vadis, Aida?&#8217;: Nezaboravna, mu\u010dna pri\u010da o istini"},"content":{"rendered":"\n<p><strong>Quo Vadis, Aida?: \u017divot i smrt u Srebrenici<\/strong>, naslov je kritike koju je objavio&nbsp;<em>New York Times<\/em>, a koju potpisuje slavni filmski kriti\u010dar&nbsp;<strong>A.O. Scott<\/strong>.<\/p>\n\n\n\n<p>Kako pi\u0161e na po\u010detku kritike,&nbsp;<strong>na\u0161 kandidat za Oskara mu\u010dna je i&nbsp;istinita&nbsp;pri\u010da o borbi prevoditeljice Ujedinjenih naroda za spas svoje obitelji od klanja<\/strong>.<\/p>\n\n\n\n<p>&#8220;U&nbsp;julu 1995. godine&nbsp;<strong>vojska bosanskih Srba, pod zapovjedni\u0161tvom generala Ratka Mladi\u0107a<\/strong>&#8220;, pi\u0161e Scott, &#8220;pregazila je&nbsp;<strong>grad Srebrenicu<\/strong>, koji su Ujedinjeni narodi proglasili sigurnim uto\u010di\u0161tem:<\/p>\n\n\n\n<p>&#8220;Oko 8.000 mu\u0161karaca i dje\u010daka ubijeno je, njihova tijela pokopana u masovnim grobnicama&#8230;tada su se mnogi na Zapadu pitali kako se to moglo dogoditi &#8211; kako se genocid&nbsp;dogodio u Europi jedva 50 godina nakon zavr\u0161etka Drugog svjetskog rata.<\/p>\n\n\n\n<p><em>Quo Vadis, Aida?,<\/em>&nbsp;zapanjuju\u0107i film Jasmile \u017dbani\u0107 koji nikog ne \u0161tedi, pokazuje ta\u010dno kako. To nije isto \u0161to i objasniti za\u0161to, iako&nbsp;zrnasta, sat po sat,&nbsp;blaga fikcija i&nbsp;dramatizacija doga\u0111aja koji su doveli do masakra bacaju malo svjetla na to pitanje.&#8221;<\/p>\n\n\n\n<p><a href=\"https:\/\/www.nytimes.com\/2021\/03\/11\/movies\/quo-vadis-aida-review.html?fbclid=IwAR3SNn28Iwk4M-X_a4FHGsPrmYtwF2yTXbJrUFz3evHaWq4hxI4eQ2osy1c&amp;referringSource=articleShare\" target=\"_blank\" rel=\"noreferrer noopener\"><strong>Scott, s posebnom pa\u017enjom, pi\u0161e<\/strong><\/a>&nbsp;o Aidi i tome kako ju je odigrala briljantna&nbsp;<strong>Jasna \u0110uri\u010di\u0107<\/strong>.&nbsp;<\/p>\n\n\n\n<p>&#8220;U svom slu\u017ebenom svojstvu,\u00a0<strong>Aida poslu\u0161no prevodi srpske la\u017ei i dvosmislene izjave Ujedinjenih naroda<\/strong>, igra ulogu koja postaje i stravi\u010dna i apsurdna. Pani\u010dnim masama u bazi &#8211; od kojih su neki i prijatelji i kom\u0161ije &#8211; mora prenijeti uvjeravanja za koja zna da su la\u017ena. Usred obe\u0107anja o sigurnosti, ona jasno mo\u017ee vidjeti \u0161to \u0107e se dogoditi.<\/p>\n\n\n\n<p><em>Jasna Duri\u010di\u0107\u00a0je karizmati\u010dna i samozatajna. Aida je \u017eilava i snala\u017eljiva, a tako\u0111er je prepla\u0161ena i shrvana okolnostima. Pri\u010da u koju je uhva\u0107ena kre\u0107e se brzo i neumoljivo, ali \u010dini se da se ponekad uop\u0107e ni\u0161ta ne kre\u0107e. \u017drtve koje \u010dekaju su zarobljene. Njihovi su tobo\u017enji za\u0161titnici paralizirani, a grabe\u017eljivci se uop\u0107e ne \u017eure. Jer, ko ih mo\u017ee zaustaviti?<\/em><\/p>\n\n\n\n<p>Ovdje postoji neumoljiva napetost, strah i vrsta proceduralne u\u010dinkovitosti koja me podsje\u0107a na filmove&nbsp;<strong>Paula Greengrassa<\/strong>, utemeljene na \u010dinjenicama, poput&nbsp;<em>Bloody Sunday<\/em>&nbsp;and&nbsp;<em>United 93<\/em>. Ta rigorozna iskrenost&nbsp;<em>Quo Vadis, Aida?<\/em>&nbsp;mu\u010dna je, dijelom i zato \u0161to ru\u0161i mnoga o\u010dekivanja koja se ve\u017eu uz filmove o historijskim traumama. \u010cesto te filmove gledamo kako se ne bi suo\u010dili s okrutno\u0161\u0107u historije, ve\u0107 kako bi utje\u0161ili sebe pri\u010dama o otporu, otpornosti i juna\u0161tvu.<\/p>\n\n\n\n<p>Aida mo\u017eda ima neke od tih osobina, ali&nbsp;njeni hrabri poku\u0161aji bijega samo nagla\u0161avaju koliko je zapravo zarobljena. Naslov&nbsp;filma pita gdje ona ide. Dostupni odgovori su sumorni. Ako se mo\u017ee spasiti, mo\u017ee li spasiti i obitelj? A ako je tako, \u0161to je s&nbsp;hiljadama drugih \u010diji su \u017eivoti u opasnosti?&#8221;, pi\u0161e kriti\u010dar.<\/p>\n\n\n\n<p>Dodaje se kako\u00a0je\u00a0<strong>neuspjeh UN-a gotovo jednako zastra\u0161uju\u0107i kao i zloba Ratka Mladi\u0107a<\/strong>.<\/p>\n\n\n\n<p><em>&#8220;Dobronamerni nizozemski \u010dasnici zadu\u017eeni za bazu pravila postaju generalovi taoci, a zatim i njegovi sau\u010desnici. Masakr je bio ratni zlo\u010din koji su nadzirali mirovnjaci &#8211; neuspjeh institucionalne odlu\u010dnosti, \u010dovje\u010danstva i civilizacije.&#8221;<\/em><\/p>\n\n\n\n<p>Na kraju je Mladi\u0107u su\u0111eno u Haagu i osu\u0111en je na do\u017eivotni zatvor, nastavlja Scott, isti\u010du\u0107i kako zavr\u0161ni \u010din filma&nbsp;<em>Quo Vadis, Aida?<\/em>&nbsp;jasno pokazuje da su mnogi drugi po\u010dinitelji neka\u017enjeno pobjegli. Rat je zavr\u0161io i vratila se neka verzija normalnosti, ali, navodi Scott, &#8220;\u017dbani\u0107 ne nalazi utjehu u banalnom opa\u017eanju da \u017eivot ide dalje&#8221;.<\/p>\n\n\n\n<p>&#8220;Istina je da vrijeme prolazi, da sje\u0107anje blijedi,&nbsp;da je&nbsp;<strong>historija&nbsp;zapis i o milosr\u0111u i o divlja\u0161tvu. Ali, istina je<\/strong>&nbsp;&#8211;&nbsp;na \u010demu inzistira ovaj nezaboravni film &#8211; i da je gubitak trajan i bez odgovora&#8221;, zaklju\u010duje Scott.<\/p>\n","protected":false},"excerpt":{"rendered":"<p>Quo Vadis, Aida?: \u017divot i smrt u Srebrenici, naslov je kritike koju je objavio&nbsp;New York Times, a koju potpisuje slavni filmski kriti\u010dar&nbsp;A.O. Scott. Kako pi\u0161e na po\u010detku kritike,&nbsp;na\u0161 kandidat za Oskara mu\u010dna je i&nbsp;istinita&nbsp;pri\u010da o borbi prevoditeljice Ujedinjenih naroda za spas svoje obitelji od klanja. &#8220;U&nbsp;julu 1995. godine&nbsp;vojska bosanskih Srba, pod zapovjedni\u0161tvom generala Ratka Mladi\u0107a&#8220;, [&hellip;]<\/p>\n","protected":false},"author":59,"featured_media":25107,"comment_status":"closed","ping_status":"closed","sticky":false,"template":"","format":"standard","meta":{"inline_featured_image":false,"footnotes":""},"categories":[46],"tags":[],"class_list":{"0":"post-25106","1":"post","2":"type-post","3":"status-publish","4":"format-standard","5":"has-post-thumbnail","7":"category-kultura"},"acf":[],"_links":{"self":[{"href":"https:\/\/tvsensor.com\/api\/wp\/v2\/posts\/25106","targetHints":{"allow":["GET"]}}],"collection":[{"href":"https:\/\/tvsensor.com\/api\/wp\/v2\/posts"}],"about":[{"href":"https:\/\/tvsensor.com\/api\/wp\/v2\/types\/post"}],"author":[{"embeddable":true,"href":"https:\/\/tvsensor.com\/api\/wp\/v2\/users\/59"}],"replies":[{"embeddable":true,"href":"https:\/\/tvsensor.com\/api\/wp\/v2\/comments?post=25106"}],"version-history":[{"count":1,"href":"https:\/\/tvsensor.com\/api\/wp\/v2\/posts\/25106\/revisions"}],"predecessor-version":[{"id":25108,"href":"https:\/\/tvsensor.com\/api\/wp\/v2\/posts\/25106\/revisions\/25108"}],"wp:featuredmedia":[{"embeddable":true,"href":"https:\/\/tvsensor.com\/api\/wp\/v2\/media\/25107"}],"wp:attachment":[{"href":"https:\/\/tvsensor.com\/api\/wp\/v2\/media?parent=25106"}],"wp:term":[{"taxonomy":"category","embeddable":true,"href":"https:\/\/tvsensor.com\/api\/wp\/v2\/categories?post=25106"},{"taxonomy":"post_tag","embeddable":true,"href":"https:\/\/tvsensor.com\/api\/wp\/v2\/tags?post=25106"}],"curies":[{"name":"wp","href":"https:\/\/api.w.org\/{rel}","templated":true}]}}