{"id":25083,"date":"2021-03-13T11:18:52","date_gmt":"2021-03-13T10:18:52","guid":{"rendered":"https:\/\/senzor.ba\/?p=25083"},"modified":"2024-01-15T21:39:30","modified_gmt":"2024-01-15T20:39:30","slug":"najvise-strucnjaka-u-njemacku-iselilo-iz-bih","status":"publish","type":"post","link":"https:\/\/tvsensor.com\/clanak\/najvise-strucnjaka-u-njemacku-iselilo-iz-bih\/","title":{"rendered":"Najvi\u0161e stru\u010dnjaka u Njema\u010dku iselilo iz BiH"},"content":{"rendered":"\n<p>Bosna i Hercegovina je me\u0111u deset zemalja svijeta iz kojih je u proteklih godinu dana oti\u0161lo najvi\u0161e stru\u010dne radne snage u Njema\u010dku prema novom Zakonu o zapo\u0161ljavanju stru\u010dne radne snage u toj zemlji, koji je po\u010deo da va\u017ei prije godinu dana.<\/p>\n\n\n\n<p>Me\u0111utim, ako se gleda po glavi stanovnika, BiH je na prvom mjestu u svijetu iz koje je stru\u010dna radna snaga iselila u Njema\u010dku.<\/p>\n\n\n\n<p>Prema informacijama sajta schengenvisainfo.com, po apsolutnim brojevima BiH je na sedmom mjestu, iz koje je u proteklih godinu dana u Njema\u010dku u skladu s novim zakonom oti\u0161lo 1.159 ljudi.<\/p>\n\n\n\n<p>Na vrhu liste je Srbija, jer je u tamo\u0161njem njema\u010dkom konzulatu radne vize u skladu s ovim zakonom dobilo 2.024 ljudi. Iz na\u0161eg regiona u prvih deset su jo\u0161 samoprogla\u0161eno Kosovo sa 792 stru\u010dnjaka koja su dobila njema\u010dku vizu, te Albanija sa 778 stru\u010dnjaka.&nbsp;<\/p>\n\n\n\n<p>Prema ovim podacima, na drugom mjestu po apsolutnim brojevima su Filipini, iz kojih su u Njema\u010dku iselila 1.773 stru\u010dnjaka, me\u0111utim Filipini su zemlja sa sto miliona stanovnika. Sa 1.378 stru\u010dnjaka koji su se iselili u Njema\u010dku na tre\u0107em mjestu je Vijetnam, me\u0111utim i on je zemlja sa gotovo sto miliona stanovnika. Naredne tri zemlje ispred BiH su Indija, Turska i Ukrajina, koje sve imaju daleko ve\u0107i broj stanovnika od BiH. Iza BiH, sa 810 iseljenih stru\u010dnjaka, nalazi se Rusija, koja je tako\u0111e znatno mnogoljudnija od BiH.<\/p>\n\n\n\n<p>Kako je nagla\u0161eno na sajtu, nekoliko studija OECD zemalja, Regionalnog fonda za saradnju i Zapadnog fonda za demokratiju pokazuje da BiH po iseljeniku gubi 21.000 evra godi\u0161nje. Kako je nagla\u0161eno, 2018. je oko 50.000 gra\u0111ana BiH napustilo zemlju. Vi\u0161e od polovine ih je oti\u0161lo u Njema\u010dku, a zatim u Sloveniju, 26 odsto, i Austriju, devet odsto.<\/p>\n\n\n\n<p>U svim zemljama zapadnog Balkana, kako je nagla\u0161eno, najvi\u0161e zemlju napu\u0161ta najstru\u010dnije, najobrazovnije i uglavnom mla\u0111e stanovni\u0161tvo. Zapadnobalkanci se, kako je istaknuto, najvi\u0161e sele upravo u Njema\u010dku, koja cijeni rad i znanje koje ovi ljudi nose, a ujedno su se pokazali kao dobri radnici.<\/p>\n\n\n\n<p>Prema studiji Regionalnog fonda za saradnju, 2018. godine 32 odsto gra\u0111ana Srbije se izjasnilo da razmi\u0161lja ili planira da napusti zemlju.<\/p>\n\n\n\n<p>Podsje\u0107anja radi, Njema\u010dka, osim programa za dovo\u0111enje stru\u010dne radne snage, ima i program za dovo\u0111enje nekvalifikovane radne snage sa zapadnog Balkana, prema kojem godi\u0161nje iz regiona u Njema\u010dku iseli oko 30.000 nekvalifikovanih radnika. Tako\u0111e, Njema\u010dka, u skladu s programom deficitarnih zanimanja, iz regiona dovodi medicinare i njegovatelje, jer je ta zemlja suo\u010dena sa alarmantnim manjkom ovog osoblja, a populacija rapidno stari.<\/p>\n\n\n\n<p>Podsje\u0107anja radi, Njema\u010dka je od januara produ\u017eila va\u017eenje uredbe o doseljavanju nekvalifikovane radne snage najvi\u0161e na pritisak njema\u010dkih poslodavaca, koji se suo\u010davaju s manjkom kvalitetnih radnika u sektorima poput gra\u0111evine i ugostiteljstva. S obzirom na to da Njema\u010dka ne \u017eeli ovaj region ostaviti bez radnika, ali i kao odgovor na neargumentovane tvrdnje desni\u010darskih stranaka, od ove godine uvedena je kvota od 25.000 radnika godi\u0161nje, uprkos protivljenju njema\u010dke privrede i nekoliko njema\u010dklih federalnih zemalja, koje su zahtijevale da se ova kvota ukine.<\/p>\n","protected":false},"excerpt":{"rendered":"<p>Bosna i Hercegovina je me\u0111u deset zemalja svijeta iz kojih je u proteklih godinu dana oti\u0161lo najvi\u0161e stru\u010dne radne snage u Njema\u010dku prema novom Zakonu o zapo\u0161ljavanju stru\u010dne radne snage u toj zemlji, koji je po\u010deo da va\u017ei prije godinu dana. Me\u0111utim, ako se gleda po glavi stanovnika, BiH je na prvom mjestu u svijetu [&hellip;]<\/p>\n","protected":false},"author":59,"featured_media":25084,"comment_status":"closed","ping_status":"closed","sticky":false,"template":"","format":"standard","meta":{"inline_featured_image":false,"footnotes":""},"categories":[43,42],"tags":[],"class_list":{"0":"post-25083","1":"post","2":"type-post","3":"status-publish","4":"format-standard","5":"has-post-thumbnail","7":"category-bih","8":"category-ekonomija"},"acf":[],"_links":{"self":[{"href":"https:\/\/tvsensor.com\/api\/wp\/v2\/posts\/25083","targetHints":{"allow":["GET"]}}],"collection":[{"href":"https:\/\/tvsensor.com\/api\/wp\/v2\/posts"}],"about":[{"href":"https:\/\/tvsensor.com\/api\/wp\/v2\/types\/post"}],"author":[{"embeddable":true,"href":"https:\/\/tvsensor.com\/api\/wp\/v2\/users\/59"}],"replies":[{"embeddable":true,"href":"https:\/\/tvsensor.com\/api\/wp\/v2\/comments?post=25083"}],"version-history":[{"count":1,"href":"https:\/\/tvsensor.com\/api\/wp\/v2\/posts\/25083\/revisions"}],"predecessor-version":[{"id":25085,"href":"https:\/\/tvsensor.com\/api\/wp\/v2\/posts\/25083\/revisions\/25085"}],"wp:featuredmedia":[{"embeddable":true,"href":"https:\/\/tvsensor.com\/api\/wp\/v2\/media\/25084"}],"wp:attachment":[{"href":"https:\/\/tvsensor.com\/api\/wp\/v2\/media?parent=25083"}],"wp:term":[{"taxonomy":"category","embeddable":true,"href":"https:\/\/tvsensor.com\/api\/wp\/v2\/categories?post=25083"},{"taxonomy":"post_tag","embeddable":true,"href":"https:\/\/tvsensor.com\/api\/wp\/v2\/tags?post=25083"}],"curies":[{"name":"wp","href":"https:\/\/api.w.org\/{rel}","templated":true}]}}