{"id":25030,"date":"2021-03-11T18:06:18","date_gmt":"2021-03-11T17:06:18","guid":{"rendered":"https:\/\/senzor.ba\/?p=25030"},"modified":"2024-01-15T21:39:32","modified_gmt":"2024-01-15T20:39:32","slug":"pakistanski-sud-zabranio-aplikaciju-tiktok-zbog-sirenja-nemorala-u-drustvu","status":"publish","type":"post","link":"https:\/\/tvsensor.com\/clanak\/pakistanski-sud-zabranio-aplikaciju-tiktok-zbog-sirenja-nemorala-u-drustvu\/","title":{"rendered":"Pakistanski sud zabranio aplikaciju TikTok zbog &#8220;\u0161irenja nemorala u dru\u0161tvu&#8221;"},"content":{"rendered":"\n<p>Sud u Pakistanu zabranio je kori\u0161tenje popularne kineske aplikacije TikTok sa obrazlo\u017eenjem da &#8220;\u0161iri nemoral u dru\u0161tvu&#8221;, javlja Anadolu Agency (AA).<\/p>\n\n\n\n<p>O slu\u010daju koji je pakistanski dr\u017eavljanin pokrenuo protiv TikTok-a raspravljalo se na Vi\u0161em sudu u Pe\u0161avaru.<\/p>\n\n\n\n<p>Sudac Kayser Rashid Khan je na ro\u010di\u0161tu, na kojem su bili prisutni i slu\u017ebenici Pakistanske agencije za telekomunikacije (PTA), istakao je da TikTok \u0161iri nemoral i naru\u0161ava kulturne vrijednosti zemlje te da su videozapisi na toj aplikaciji neprihvatljivi za pakistansko dru\u0161tvo.<\/p>\n\n\n\n<p>Han je dodao da TikTok uglavnom poga\u0111a mlade ljude, a izvje\u0161taji o sadr\u017eajima aplikacija su, kako je rekao, tu\u017eni i pora\u017eavaju\u0107i.<\/p>\n\n\n\n<p>Direktor PTA-a Kamran Gandapur izjavio da su slu\u017ebenicima TikTok-a poslali zahtjev u vezi sa zabranom odre\u0111enih sadr\u017eaja, ali jo\u0161 nisu dobili &#8220;pozitivan odgovor&#8221;.<\/p>\n\n\n\n<p>Sudac Han odlu\u010dio je zabraniti TikTok sve dok se ne poduzmu koraci prema &#8220;neprikladnim&#8221; sadr\u017eajima te podsjetio da su iz kompanije TikTok u oktobru 2020. godine obe\u0107ali da \u0107e blokirati ra\u010dune na kojima se dijele neprimjereni sadr\u017eaji.<\/p>\n\n\n\n<p>PTA je zabranila TikTok 9. oktobra 2020. s obrazlo\u017eenjem da se &#8220;nemoralni&#8221; sadr\u017eaji ne mogu kontrolisati. Nakon \u0161to su iz kompanije poru\u010dili da \u0107e blokirati takve ra\u010dune, zabrana je ukinuta.<\/p>\n\n\n\n<p>Pakistan je postao druga azijska zemlja koja je zabranila TikTok, nakon \u0161to je to ranije u\u010dinila Indija.<\/p>\n","protected":false},"excerpt":{"rendered":"<p>Sud u Pakistanu zabranio je kori\u0161tenje popularne kineske aplikacije TikTok sa obrazlo\u017eenjem da &#8220;\u0161iri nemoral u dru\u0161tvu&#8221;, javlja Anadolu Agency (AA). O slu\u010daju koji je pakistanski dr\u017eavljanin pokrenuo protiv TikTok-a raspravljalo se na Vi\u0161em sudu u Pe\u0161avaru. Sudac Kayser Rashid Khan je na ro\u010di\u0161tu, na kojem su bili prisutni i slu\u017ebenici Pakistanske agencije za telekomunikacije [&hellip;]<\/p>\n","protected":false},"author":59,"featured_media":25031,"comment_status":"closed","ping_status":"closed","sticky":false,"template":"","format":"standard","meta":{"inline_featured_image":false,"footnotes":""},"categories":[55],"tags":[],"class_list":{"0":"post-25030","1":"post","2":"type-post","3":"status-publish","4":"format-standard","5":"has-post-thumbnail","7":"category-tehnologija"},"acf":[],"_links":{"self":[{"href":"https:\/\/tvsensor.com\/api\/wp\/v2\/posts\/25030","targetHints":{"allow":["GET"]}}],"collection":[{"href":"https:\/\/tvsensor.com\/api\/wp\/v2\/posts"}],"about":[{"href":"https:\/\/tvsensor.com\/api\/wp\/v2\/types\/post"}],"author":[{"embeddable":true,"href":"https:\/\/tvsensor.com\/api\/wp\/v2\/users\/59"}],"replies":[{"embeddable":true,"href":"https:\/\/tvsensor.com\/api\/wp\/v2\/comments?post=25030"}],"version-history":[{"count":1,"href":"https:\/\/tvsensor.com\/api\/wp\/v2\/posts\/25030\/revisions"}],"predecessor-version":[{"id":25032,"href":"https:\/\/tvsensor.com\/api\/wp\/v2\/posts\/25030\/revisions\/25032"}],"wp:featuredmedia":[{"embeddable":true,"href":"https:\/\/tvsensor.com\/api\/wp\/v2\/media\/25031"}],"wp:attachment":[{"href":"https:\/\/tvsensor.com\/api\/wp\/v2\/media?parent=25030"}],"wp:term":[{"taxonomy":"category","embeddable":true,"href":"https:\/\/tvsensor.com\/api\/wp\/v2\/categories?post=25030"},{"taxonomy":"post_tag","embeddable":true,"href":"https:\/\/tvsensor.com\/api\/wp\/v2\/tags?post=25030"}],"curies":[{"name":"wp","href":"https:\/\/api.w.org\/{rel}","templated":true}]}}