{"id":25027,"date":"2021-03-11T18:03:27","date_gmt":"2021-03-11T17:03:27","guid":{"rendered":"https:\/\/senzor.ba\/?p=25027"},"modified":"2024-01-15T21:39:32","modified_gmt":"2024-01-15T20:39:32","slug":"josep-borrell-ohrabrio-bih-da-iskoristi-neizbornu-godinu-za-napredak-u-provodjenju-prioriteta","status":"publish","type":"post","link":"https:\/\/tvsensor.com\/clanak\/josep-borrell-ohrabrio-bih-da-iskoristi-neizbornu-godinu-za-napredak-u-provodjenju-prioriteta\/","title":{"rendered":"Josep Borrell ohrabrio BiH da iskoristi neizbornu godinu za napredak u provo\u0111enju prioriteta"},"content":{"rendered":"\n<p>Potpredsjednik Evropske komisije i visoki predstavnik za vanjsku i sigurnosnu politiku Evropske unije (EU)Josep Borrell ohrabrio je Bosnu i Hercegovinu da iskoristi 2021. godinu kao neizbornu godinu za odlu\u010dan napredak u provo\u0111enju 14 klju\u010dnih prioriteta iz Mi\u0161ljenja EK, javlja Anadolu Agency (AA).<\/p>\n\n\n\n<p>Kako je saop\u0161teno, on je tokom sastanka sa zamjenicom predsjedavaju\u0107eg Vije\u0107a ministara i ministricom vanjskih poslova BiH Biserom Turkovi\u0107 pozdravio nedavne pozitivne korake u programu reformi i naglasio predanost EU u pru\u017eanju podr\u0161ke BiH u napredovanju na evropskom putu.<\/p>\n\n\n\n<p>Borrell je govore\u0107i o migrantskoj krizi naglasio va\u017enost uspostavljanja odr\u017eivog sistema migracija i azila, uz pravedniju podjelu odgovornosti u cijeloj zemlji.<\/p>\n\n\n\n<p>Borrell i Turkovi\u0107 razgovarali su i o saradnji EU i zemalja Zapadnog Balkana u borbi protiv pandemije COVID-19 i pristupu vakcinama u regiji. Borrell je podsjetio na paket sredstava EU za zapadni Balkan u iznosu od 70 miliona evra koji je Evropska komisija stavila na raspolaganje kao pomo\u0107 u pokrivanju tro\u0161kova doza koje \u0107e obezbjediti dr\u017eave \u010dlanice EU. Razgovarali su i o podr\u0161ci putem COVAX mehanizma. Evropska unija je jedna od najja\u010dih pristalica COVAX-a, s vi\u0161e od 2,2 milijarde evra, uklju\u010duju\u0107i milijardu evra EU sredstava.<\/p>\n\n\n\n<p>Razgovaraju\u0107i o procesu pomirenja u BiH Borrell je istakao potrebu za prevazila\u017eenjem pro\u0161losti i napredovanjem od Daytona prema Briselu.<\/p>\n","protected":false},"excerpt":{"rendered":"<p>Potpredsjednik Evropske komisije i visoki predstavnik za vanjsku i sigurnosnu politiku Evropske unije (EU)Josep Borrell ohrabrio je Bosnu i Hercegovinu da iskoristi 2021. godinu kao neizbornu godinu za odlu\u010dan napredak u provo\u0111enju 14 klju\u010dnih prioriteta iz Mi\u0161ljenja EK, javlja Anadolu Agency (AA). Kako je saop\u0161teno, on je tokom sastanka sa zamjenicom predsjedavaju\u0107eg Vije\u0107a ministara i [&hellip;]<\/p>\n","protected":false},"author":59,"featured_media":25028,"comment_status":"closed","ping_status":"closed","sticky":false,"template":"","format":"standard","meta":{"inline_featured_image":false,"footnotes":""},"categories":[43],"tags":[],"class_list":{"0":"post-25027","1":"post","2":"type-post","3":"status-publish","4":"format-standard","5":"has-post-thumbnail","7":"category-bih"},"acf":[],"_links":{"self":[{"href":"https:\/\/tvsensor.com\/api\/wp\/v2\/posts\/25027","targetHints":{"allow":["GET"]}}],"collection":[{"href":"https:\/\/tvsensor.com\/api\/wp\/v2\/posts"}],"about":[{"href":"https:\/\/tvsensor.com\/api\/wp\/v2\/types\/post"}],"author":[{"embeddable":true,"href":"https:\/\/tvsensor.com\/api\/wp\/v2\/users\/59"}],"replies":[{"embeddable":true,"href":"https:\/\/tvsensor.com\/api\/wp\/v2\/comments?post=25027"}],"version-history":[{"count":1,"href":"https:\/\/tvsensor.com\/api\/wp\/v2\/posts\/25027\/revisions"}],"predecessor-version":[{"id":25029,"href":"https:\/\/tvsensor.com\/api\/wp\/v2\/posts\/25027\/revisions\/25029"}],"wp:featuredmedia":[{"embeddable":true,"href":"https:\/\/tvsensor.com\/api\/wp\/v2\/media\/25028"}],"wp:attachment":[{"href":"https:\/\/tvsensor.com\/api\/wp\/v2\/media?parent=25027"}],"wp:term":[{"taxonomy":"category","embeddable":true,"href":"https:\/\/tvsensor.com\/api\/wp\/v2\/categories?post=25027"},{"taxonomy":"post_tag","embeddable":true,"href":"https:\/\/tvsensor.com\/api\/wp\/v2\/tags?post=25027"}],"curies":[{"name":"wp","href":"https:\/\/api.w.org\/{rel}","templated":true}]}}