{"id":25019,"date":"2021-03-11T16:57:58","date_gmt":"2021-03-11T15:57:58","guid":{"rendered":"https:\/\/senzor.ba\/?p=25019"},"modified":"2024-01-15T21:39:32","modified_gmt":"2024-01-15T20:39:32","slug":"kosarac-turizam-moze-biti-top-sektor-u-bih","status":"publish","type":"post","link":"https:\/\/tvsensor.com\/clanak\/kosarac-turizam-moze-biti-top-sektor-u-bih\/","title":{"rendered":"Ko\u0161arac: Turizam mo\u017ee biti top sektor u BiH"},"content":{"rendered":"\n<p>Ministar vanjske trgovine i ekonomskih odnosa Bosne i Hercegovine Sta\u0161a Ko\u0161arac u\u010destvovao je na Me\u0111unarodnoj turisti\u010dkoj berzi (ITB) Berlin, najve\u0107em sajmu turizma na svijetu, koji se ove godine od 9. do 12. marta odr\u017eava u virtuelnoj formi zbog pandemije COVID-19, javlja Anadolu Agency (AA).<\/p>\n\n\n\n<p>Iz Ministarstva vanjske trgovine i ekonomskih odnosa BiH saop\u0161teno je da je na ovogodi\u0161njem sajmu, koji okuplja klju\u010dne aktere iz oblasti putovanja, turizma i ugostiteljstva, registrovano vi\u0161e od 15.000 izlaga\u010da te organizovano niz razli\u010ditih doga\u0111aja, okruglih stolova, intervjua i prezentacija sa vi\u0161e od 500 govornika.<\/p>\n\n\n\n<p>Ko\u0161arac je govorio na panel diskusiji o oporavku turizma u postpandemijskom vremenu pri \u010demu je podsjetio da je u godinama prije pandemije u BiH zabilje\u017een zna\u010dajan rast u sektoru turizma, od 2010. do 2019. za \u010dak 250 posto.<\/p>\n\n\n\n<p>&#8220;Turizam mo\u017ee biti top sektor u BiH, prvenstveno zbog prirodnih ljepota koje imamo. Pozivam sve turiste da, kada to epidemiolo\u0161ki uslovi dozvole, posjete Banjaluku, Trebinje, Sarajevo, Mostar, te da se uvjere u ljepote na\u0161ih rijeka Drine, Une, Neretve i da u\u017eivaju u obilasku \u010detiri nacionalna parka. Imamo ozbiljne doma\u0107ine u zimskim sportovima, olimpijske planine Jahorinu i Bjela\u0161nicu. Kao \u0161to znate, 1984. godine bili smo doma\u0107ini 14. zimskih olimpijskih igara, a gradovi Isto\u010dno Sarajevo i Sarajevo bili su doma\u0107ini EYOF-a. Respektabilni su i kapaciteti za razvoj vjerskog, ruralnog i zdravstvenog turizma&#8221;, poru\u010dio je Ko\u0161arac, govore\u0107i o turisti\u010dkim potencijalima bosanskohercegova\u010dih entiteta Republika Srpska i Federacija BiH.<\/p>\n\n\n\n<p>On je naglasio da je turizam privredna grana koja je najvi\u0161e pogo\u0111ena pandemijom COVID-19, te da \u0107e oporavak zahtijevati kreativne politike, primjenu dobrih praksi iz zemalja okru\u017eenja te adekvatnu regionalnu saradnju i komunikaciju.<\/p>\n\n\n\n<p>&#8220;Pandemija je zaustavila realizaciju planova svih nivoa vlasti u BiH u razvoju turizma. Nadle\u017ene entitetske vlade ula\u017eu maksimalne napore da saniraju posljedice po ukupnu turisti\u010dku privredu. Te aktivnosti ogledaju se u smanjenju obaveza prema privrednim subjektima, direktnom podsticaju u cilju odr\u017eavanja zaposlenosti, subvencionisanju turisti\u010dkih aran\u017emana te pripremi budu\u0107ih koraka za oporavak turizma&#8221;, rekao je Ko\u0161arac.<\/p>\n","protected":false},"excerpt":{"rendered":"<p>Ministar vanjske trgovine i ekonomskih odnosa Bosne i Hercegovine Sta\u0161a Ko\u0161arac u\u010destvovao je na Me\u0111unarodnoj turisti\u010dkoj berzi (ITB) Berlin, najve\u0107em sajmu turizma na svijetu, koji se ove godine od 9. do 12. marta odr\u017eava u virtuelnoj formi zbog pandemije COVID-19, javlja Anadolu Agency (AA). Iz Ministarstva vanjske trgovine i ekonomskih odnosa BiH saop\u0161teno je da [&hellip;]<\/p>\n","protected":false},"author":59,"featured_media":25020,"comment_status":"closed","ping_status":"closed","sticky":false,"template":"","format":"standard","meta":{"inline_featured_image":false,"footnotes":""},"categories":[38],"tags":[],"class_list":{"0":"post-25019","1":"post","2":"type-post","3":"status-publish","4":"format-standard","5":"has-post-thumbnail","7":"category-vijesti-iz-bih"},"acf":[],"_links":{"self":[{"href":"https:\/\/tvsensor.com\/api\/wp\/v2\/posts\/25019","targetHints":{"allow":["GET"]}}],"collection":[{"href":"https:\/\/tvsensor.com\/api\/wp\/v2\/posts"}],"about":[{"href":"https:\/\/tvsensor.com\/api\/wp\/v2\/types\/post"}],"author":[{"embeddable":true,"href":"https:\/\/tvsensor.com\/api\/wp\/v2\/users\/59"}],"replies":[{"embeddable":true,"href":"https:\/\/tvsensor.com\/api\/wp\/v2\/comments?post=25019"}],"version-history":[{"count":3,"href":"https:\/\/tvsensor.com\/api\/wp\/v2\/posts\/25019\/revisions"}],"predecessor-version":[{"id":25023,"href":"https:\/\/tvsensor.com\/api\/wp\/v2\/posts\/25019\/revisions\/25023"}],"wp:featuredmedia":[{"embeddable":true,"href":"https:\/\/tvsensor.com\/api\/wp\/v2\/media\/25020"}],"wp:attachment":[{"href":"https:\/\/tvsensor.com\/api\/wp\/v2\/media?parent=25019"}],"wp:term":[{"taxonomy":"category","embeddable":true,"href":"https:\/\/tvsensor.com\/api\/wp\/v2\/categories?post=25019"},{"taxonomy":"post_tag","embeddable":true,"href":"https:\/\/tvsensor.com\/api\/wp\/v2\/tags?post=25019"}],"curies":[{"name":"wp","href":"https:\/\/api.w.org\/{rel}","templated":true}]}}