{"id":25012,"date":"2021-03-11T14:49:50","date_gmt":"2021-03-11T13:49:50","guid":{"rendered":"https:\/\/senzor.ba\/?p=25012"},"modified":"2024-01-15T21:39:32","modified_gmt":"2024-01-15T20:39:32","slug":"majke-i-zene-srebrenice-i-podrinja-se-okupile-zbog-opstrukcija-ne-mozemo-doci-do-istine-i-pravde","status":"publish","type":"post","link":"https:\/\/tvsensor.com\/clanak\/majke-i-zene-srebrenice-i-podrinja-se-okupile-zbog-opstrukcija-ne-mozemo-doci-do-istine-i-pravde\/","title":{"rendered":"Majke i \u017eene Srebrenice i Podrinja se okupile: Zbog opstrukcija ne mo\u017eemo do\u0107i do istine i pravde"},"content":{"rendered":"\n<p>Majke i \u017eene Srebrenice i Podrinja na Trgu slobode u Tuzli okupile su se danas kao i svakog 11. u mjesecu kako bi prou\u010dile Fatihu \u017ertvama genocida u nekada\u0161njoj za\u0161ti\u0107enoj zoni UN-a Srebrenici te progovorile o nepravdama i neda\u0107ama koje ih prate, javlja Anadolu Agency (AA).<\/p>\n\n\n\n<p>&#8220;Od prvog dana smo po\u010deli da tra\u017eimo svoje namilije. Vidjeli smo svojim o\u010dima kako od nas odvajaju najmilije. \u0160ta da vam ka\u017eem? Nekako je na samom po\u010detku i\u0161lo lak\u0161e, sve dok nisu politi\u010dari uzeli maha, dok ratni zlo\u010dinci ponovo nisu do\u0161li na scenu. Kako koji dan prolazi, kako koja godina, sve je te\u017ee do\u0107i do posmrtnih ostataka. Zbog opstrukcija ne mo\u017eemo do\u0107i do posmrtnih ostataka na\u0161ih najmilijih, ne mo\u017eemo do\u0107i do istine i pravde&#8221;, ka\u017ee Nura Begovi\u0107, \u010dlanica Udru\u017eenja &#8220;\u017dene Srebrenice&#8221;.<\/p>\n\n\n\n<p>Protekle sedmice u Sarajevu je odr\u017ean sastanak Savjetodavnog odbora Instituta za nestale s delegacijama udru\u017eenja koji rade na pronalasku nestalih osoba u BiH.<\/p>\n\n\n\n<p>&#8220;Jo\u0161 uvijek, prema nama dostupnim informacijama, u BiH se traga za ne\u0161to vi\u0161e od 7.500 osoba i to je izuzetno veliki broj. Mi, \u017ertve, ne mo\u017eemo biti zadovoljne ni radom Instituta za nestale osobe, ali ni Tu\u017eila\u0161tvom BiH. Uputili smo apel Ministarstvu za ljudska prava i izbjeglice da se \u0161to prije otvori rasprava o implementaciji Zakona o nestalim osobama koji je donesen 2004. godine, ali nije u potpunosti implementiran. Jo\u0161 uvijek nije formiran fond koji bi pomagao porodicama nestalih osoba&#8221;, ka\u017ee Amir Kulagli\u0107, \u010dlan Savjetodavnog odbora Instituta za nestale osobe.<\/p>\n\n\n\n<p>Na sastanku se razgovaralo o ekshumacijama, identifikacijama, ali i procesuiranju odgovornih za ratne zlo\u010dine i genocide. Prema Kulagli\u0107evim rije\u010dima, s podru\u010dja Srebrenice se traga za jo\u0161 oko 1.500 posmrtnih ostataka \u017ertava genocida.<\/p>\n","protected":false},"excerpt":{"rendered":"<p>Majke i \u017eene Srebrenice i Podrinja na Trgu slobode u Tuzli okupile su se danas kao i svakog 11. u mjesecu kako bi prou\u010dile Fatihu \u017ertvama genocida u nekada\u0161njoj za\u0161ti\u0107enoj zoni UN-a Srebrenici te progovorile o nepravdama i neda\u0107ama koje ih prate, javlja Anadolu Agency (AA). &#8220;Od prvog dana smo po\u010deli da tra\u017eimo svoje namilije. [&hellip;]<\/p>\n","protected":false},"author":59,"featured_media":25013,"comment_status":"closed","ping_status":"closed","sticky":false,"template":"","format":"standard","meta":{"inline_featured_image":false,"footnotes":""},"categories":[38],"tags":[],"class_list":{"0":"post-25012","1":"post","2":"type-post","3":"status-publish","4":"format-standard","5":"has-post-thumbnail","7":"category-vijesti-iz-bih"},"acf":[],"_links":{"self":[{"href":"https:\/\/tvsensor.com\/api\/wp\/v2\/posts\/25012","targetHints":{"allow":["GET"]}}],"collection":[{"href":"https:\/\/tvsensor.com\/api\/wp\/v2\/posts"}],"about":[{"href":"https:\/\/tvsensor.com\/api\/wp\/v2\/types\/post"}],"author":[{"embeddable":true,"href":"https:\/\/tvsensor.com\/api\/wp\/v2\/users\/59"}],"replies":[{"embeddable":true,"href":"https:\/\/tvsensor.com\/api\/wp\/v2\/comments?post=25012"}],"version-history":[{"count":1,"href":"https:\/\/tvsensor.com\/api\/wp\/v2\/posts\/25012\/revisions"}],"predecessor-version":[{"id":25014,"href":"https:\/\/tvsensor.com\/api\/wp\/v2\/posts\/25012\/revisions\/25014"}],"wp:featuredmedia":[{"embeddable":true,"href":"https:\/\/tvsensor.com\/api\/wp\/v2\/media\/25013"}],"wp:attachment":[{"href":"https:\/\/tvsensor.com\/api\/wp\/v2\/media?parent=25012"}],"wp:term":[{"taxonomy":"category","embeddable":true,"href":"https:\/\/tvsensor.com\/api\/wp\/v2\/categories?post=25012"},{"taxonomy":"post_tag","embeddable":true,"href":"https:\/\/tvsensor.com\/api\/wp\/v2\/tags?post=25012"}],"curies":[{"name":"wp","href":"https:\/\/api.w.org\/{rel}","templated":true}]}}