{"id":24987,"date":"2021-03-11T14:34:35","date_gmt":"2021-03-11T13:34:35","guid":{"rendered":"https:\/\/senzor.ba\/?p=24987"},"modified":"2024-01-15T21:39:32","modified_gmt":"2024-01-15T20:39:32","slug":"senzor-na-licu-mjesta-ugostitelji-blokirali-glavnu-saobracajnicu","status":"publish","type":"post","link":"https:\/\/tvsensor.com\/clanak\/senzor-na-licu-mjesta-ugostitelji-blokirali-glavnu-saobracajnicu\/","title":{"rendered":"Senzor na licu mjesta: Ugostitelji blokirali glavnu saobra\u0107ajnicu"},"content":{"rendered":"\n<p><strong>Hotelijeri, ugostitelji i ostali privredni subjekti u Kantonu Sarajevo okupili su se danas u znak <strong>protesta<\/strong><\/strong> <strong>zbog novih mjera Vlade KS.<\/strong><\/p>\n\n\n\n<p>Krenuli su u protestnu \u0161etnju od Vje\u010dne vatre do zgrade Vlade Kantona Sarajevo, nakon \u010dega su kratko blokirali glavnu saobra\u0107ajnicu.<\/p>\n\n\n\n<p><strong>Ispred Vje\u010dne vatre u 13 sati okupio se nemali broj nezadovoljnih ugostitelja.<\/strong><\/p>\n\n\n\n<p>Kako je navedeno, tra\u017ee od Vlade da se potpuno zatvori Kanton Sarajevo, ako se ve\u0107 uvode ovakve selektivne mjere.&nbsp;<\/p>\n\n\n\n<p><strong>&#8211; Danas ovdje nisu samo ugostitelji, ve\u0107 i zanatlije, muzi\u010dari, i ostali radnici, konobari. Mi tra\u017eimo potpuni lockdown &#8211; kazao je Adil \u0160urkovi\u0107, jedan od nezadovoljnih ugostitelja.<\/strong><\/p>\n\n\n\n<p>Dodao je da \u0107e ljudi koji su slobodni dva dana \u0161iriti virus po ostatku BiH.<\/p>\n\n\n\n<p>&#8211; Mi smo Vladi KS dali svoje zahtjeve, oni znaju \u0161ta im je raditi. Ukoliko ne povuku ovakvu odluku, mi izlazimo na demonstracije opet, bit \u0107e nas vi\u0161e. Cijeli grad je ogor\u010den. Nema vakcina &#8211; istakao je \u0160urkovi\u0107.<\/p>\n\n\n\n<p>Demonstranti su skandirali &#8220;Forto iza\u0111i, hajde stru\u010dnjak izlazi&#8221; ispred zgrade Vlade KS nazivaju\u0107i premijera Edina Fortu nazivaju\u0107i ga prevarantom i la\u017eovom. Predstavnici ugostitelja u\u0161li su u zgradu Vlade u kojoj se trenutno odr\u017eava sjednica kako bi im predo\u010dili svoje zahtjeve.<\/p>\n\n\n\n<iframe loading=\"lazy\" src=\"https:\/\/www.facebook.com\/plugins\/video.php?height=314&#038;href=https%3A%2F%2Fwww.facebook.com%2Fsenzornews%2Fvideos%2F717525748911898%2F&#038;show_text=false&#038;width=560\" width=\"560\" height=\"314\" style=\"border:none;overflow:hidden\" scrolling=\"no\" frameborder=\"0\" allowfullscreen=\"true\" allow=\"autoplay; clipboard-write; encrypted-media; picture-in-picture; web-share\" allowFullScreen=\"true\"><\/iframe>\n\n\n\n<p>Nakon \u0161to su saznali da im se Forto ne\u0107e obratiti uprkos prvobitnim najavama, blokirali su glavnu saobra\u0107ajnicu. Veliki broj policajaca se pojavio pred zgradom na \u0161to je jedan od prisutnih demonstranata utvrdio da su se \u201coni smje\u0161teni u zgradi Vlade prepali za svoje gu\u2026e\u201d.<\/p>\n\n\n\n<iframe loading=\"lazy\" src=\"https:\/\/www.facebook.com\/plugins\/video.php?height=314&#038;href=https%3A%2F%2Fwww.facebook.com%2Fsenzornews%2Fvideos%2F488309528849234%2F&#038;show_text=false&#038;width=560\" width=\"560\" height=\"314\" style=\"border:none;overflow:hidden\" scrolling=\"no\" frameborder=\"0\" allowfullscreen=\"true\" allow=\"autoplay; clipboard-write; encrypted-media; picture-in-picture; web-share\" allowFullScreen=\"true\"><\/iframe>\n\n\n\n<p>Ugostitelji i ostali gra\u0111ani koji su protestovali u koloni su se vratili pred Vje\u010dnu vatru te najavili nove proteste u utorak.<\/p>\n","protected":false},"excerpt":{"rendered":"<p>Hotelijeri, ugostitelji i ostali privredni subjekti u Kantonu Sarajevo okupili su se danas u znak protesta zbog novih mjera Vlade KS. Krenuli su u protestnu \u0161etnju od Vje\u010dne vatre do zgrade Vlade Kantona Sarajevo, nakon \u010dega su kratko blokirali glavnu saobra\u0107ajnicu. Ispred Vje\u010dne vatre u 13 sati okupio se nemali broj nezadovoljnih ugostitelja. Kako je [&hellip;]<\/p>\n","protected":false},"author":59,"featured_media":24995,"comment_status":"closed","ping_status":"closed","sticky":false,"template":"","format":"gallery","meta":{"inline_featured_image":false,"footnotes":""},"categories":[376,38],"tags":[],"class_list":{"0":"post-24987","1":"post","2":"type-post","3":"status-publish","4":"format-gallery","5":"has-post-thumbnail","7":"category-featured","8":"category-vijesti-iz-bih","9":"post_format-post-format-gallery"},"acf":[],"_links":{"self":[{"href":"https:\/\/tvsensor.com\/api\/wp\/v2\/posts\/24987","targetHints":{"allow":["GET"]}}],"collection":[{"href":"https:\/\/tvsensor.com\/api\/wp\/v2\/posts"}],"about":[{"href":"https:\/\/tvsensor.com\/api\/wp\/v2\/types\/post"}],"author":[{"embeddable":true,"href":"https:\/\/tvsensor.com\/api\/wp\/v2\/users\/59"}],"replies":[{"embeddable":true,"href":"https:\/\/tvsensor.com\/api\/wp\/v2\/comments?post=24987"}],"version-history":[{"count":6,"href":"https:\/\/tvsensor.com\/api\/wp\/v2\/posts\/24987\/revisions"}],"predecessor-version":[{"id":25017,"href":"https:\/\/tvsensor.com\/api\/wp\/v2\/posts\/24987\/revisions\/25017"}],"wp:featuredmedia":[{"embeddable":true,"href":"https:\/\/tvsensor.com\/api\/wp\/v2\/media\/24995"}],"wp:attachment":[{"href":"https:\/\/tvsensor.com\/api\/wp\/v2\/media?parent=24987"}],"wp:term":[{"taxonomy":"category","embeddable":true,"href":"https:\/\/tvsensor.com\/api\/wp\/v2\/categories?post=24987"},{"taxonomy":"post_tag","embeddable":true,"href":"https:\/\/tvsensor.com\/api\/wp\/v2\/tags?post=24987"}],"curies":[{"name":"wp","href":"https:\/\/api.w.org\/{rel}","templated":true}]}}