{"id":24977,"date":"2021-03-11T10:50:27","date_gmt":"2021-03-11T09:50:27","guid":{"rendered":"https:\/\/senzor.ba\/?p=24977"},"modified":"2024-01-15T21:39:33","modified_gmt":"2024-01-15T20:39:33","slug":"izetbegovic-rs-je-napravljen-na-kostima-nevinih-ljudi-cija-je-jedina-krivica-bila-sto-nisu-srbi","status":"publish","type":"post","link":"https:\/\/tvsensor.com\/clanak\/izetbegovic-rs-je-napravljen-na-kostima-nevinih-ljudi-cija-je-jedina-krivica-bila-sto-nisu-srbi\/","title":{"rendered":"Izetbegovi\u0107: RS je napravljen na kostima nevinih ljudi \u010dija je jedina krivica bila \u0161to nisu Srbi"},"content":{"rendered":"\n<p>Predsjednik Stranke demokratske akcije (SDA) Bakir Izetbegovi\u0107 je sino\u0107, komentiraju\u0107i zaklju\u010dke Narodne skup\u0161tine RS-a i izlaganje Milorada Dodika na toj sjednici, kazao kako misli da se Milorad Dodik vodi time \u201cda je napad najbolja odbrana\u201d. <\/p>\n\n\n\n<p>\u2013 On je krenuo u napad na OHR i na PIK, jer u zadnjih par mjeseci je u defanzivi, natjeran je da skine plo\u010du na Palama, dobio je rok da ukine odlikovanja osu\u0111enim ratnim zlo\u010dincima, u najavi je zakon kojim \u0107e se zabraniti negiranje genocida itd. Dakle, krenulo se u kontranapad \u2013 naveo je Izetbegovi\u0107. <\/p>\n\n\n\n<p>Po njegovim rije\u010dima, u zadnjih desetak godina uspijevalo se to tako uraditi, \u201cdake upla\u0161iti me\u0111unarodnu zajednicu, oni su bili pasivni\u201d. Zato se, dodaje Izetbegovi\u0107, i desilo da budu odlikovani ratni zlo\u010dinci, da se te anticivilizacijske stvari dese u BiH. <\/p>\n\n\n\n<p>\u2013 Visoki predstavnici su vr\u0161ili izvjestan pozitivni pritisak, donosili odluke koje je poslije toga Parlamentarna skup\u0161tina, SNSD i Dodik, podr\u017eao, glasali su za to. Visoki predstavnici nisu u jednom bitnom segmentu ni\u0161ta uradili, a trebali su, kada je u pitanju Aneks 7, najbitniji aneks u Dejtonskom sporazumu \u2013 kazao je Izetbegovi\u0107. <\/p>\n\n\n\n<p>Tu su, smatra on, trebali biti aktivniji i natjerati one koji su zaustavljali implementaciju tog aneksa da se vi\u0161e uradi. <\/p>\n\n\n\n<p>\u2013 Republika Srpska je napravljena na ratnim zlo\u010dinima, na konc-logorima, na kostima nevinih ljudi \u010dija je jedina krivica bila \u0161to nisu Srbi. To nisu pojedina\u010dni slu\u010dajevi, to su desetine hiljada ljudi, etni\u010dki je o\u010di\u0161\u0107en taj dio BiH. Danas ti ljudi do\u017eivljavaju razna poni\u017eenja, nasilja, ne dozvoljava se bosanski jezik\u2026\u2013 istaknuo je predsjednik SDA. <\/p>\n\n\n\n<p>O\u010dekujemo, kazao je Izetbegovi\u0107, ne samo da ostane OHR koji je dio sistema, \u201ei mislim da se on bez ustavne reforme ne mo\u017ee ni pomjeriti iz BiH, nego da bude aktivniji, da zaustavlja te stvari\u201c. <\/p>\n\n\n\n<p>\u2013 Neka ne dopuste da ih se zapla\u0161i onako kako se to ranije de\u0161avalo, ovakvim napadima kakvim danas svjedo\u010dimo \u2013 kazao je predsjednik SDA. <\/p>\n\n\n\n<p>Predsjednik HDZ-a BiH Dragan \u010covi\u0107 je upitan da prokomentira zaklju\u010dke Narodne skup\u0161tine RS-a i obra\u0107anje Milorada Dodika, kazao da je glavinu vremena danas posvetio sastancima sa SDA i pripremama za te sastanke. <\/p>\n\n\n\n<p>\u2013 Pro\u010ditat \u0107u sve pa \u0107u vjerojatno sutra ili prekosutra vrlo jasno i transparentno odgovoriti. Nema dvojbi kako mi vidimo ure\u0111enje BiH, nema dvojbi kako vidimo ulogu visokog predstavnika. Vi\u0161e puta smo kazali, na\u0161 iskorak ka kandidatskom statusu, sam po sebi zna\u010di da se moramo osloboditi direktnog uticaja izvana bilo koga, pa i ureda OHR-a u BiH \u2013 kazao je \u010covi\u0107. <\/p>\n","protected":false},"excerpt":{"rendered":"<p>Predsjednik Stranke demokratske akcije (SDA) Bakir Izetbegovi\u0107 je sino\u0107, komentiraju\u0107i zaklju\u010dke Narodne skup\u0161tine RS-a i izlaganje Milorada Dodika na toj sjednici, kazao kako misli da se Milorad Dodik vodi time \u201cda je napad najbolja odbrana\u201d. \u2013 On je krenuo u napad na OHR i na PIK, jer u zadnjih par mjeseci je u defanzivi, natjeran [&hellip;]<\/p>\n","protected":false},"author":59,"featured_media":24978,"comment_status":"closed","ping_status":"closed","sticky":false,"template":"","format":"standard","meta":{"inline_featured_image":false,"footnotes":""},"categories":[38],"tags":[],"class_list":{"0":"post-24977","1":"post","2":"type-post","3":"status-publish","4":"format-standard","5":"has-post-thumbnail","7":"category-vijesti-iz-bih"},"acf":[],"_links":{"self":[{"href":"https:\/\/tvsensor.com\/api\/wp\/v2\/posts\/24977","targetHints":{"allow":["GET"]}}],"collection":[{"href":"https:\/\/tvsensor.com\/api\/wp\/v2\/posts"}],"about":[{"href":"https:\/\/tvsensor.com\/api\/wp\/v2\/types\/post"}],"author":[{"embeddable":true,"href":"https:\/\/tvsensor.com\/api\/wp\/v2\/users\/59"}],"replies":[{"embeddable":true,"href":"https:\/\/tvsensor.com\/api\/wp\/v2\/comments?post=24977"}],"version-history":[{"count":2,"href":"https:\/\/tvsensor.com\/api\/wp\/v2\/posts\/24977\/revisions"}],"predecessor-version":[{"id":24980,"href":"https:\/\/tvsensor.com\/api\/wp\/v2\/posts\/24977\/revisions\/24980"}],"wp:featuredmedia":[{"embeddable":true,"href":"https:\/\/tvsensor.com\/api\/wp\/v2\/media\/24978"}],"wp:attachment":[{"href":"https:\/\/tvsensor.com\/api\/wp\/v2\/media?parent=24977"}],"wp:term":[{"taxonomy":"category","embeddable":true,"href":"https:\/\/tvsensor.com\/api\/wp\/v2\/categories?post=24977"},{"taxonomy":"post_tag","embeddable":true,"href":"https:\/\/tvsensor.com\/api\/wp\/v2\/tags?post=24977"}],"curies":[{"name":"wp","href":"https:\/\/api.w.org\/{rel}","templated":true}]}}