{"id":24968,"date":"2021-03-11T10:42:13","date_gmt":"2021-03-11T09:42:13","guid":{"rendered":"https:\/\/senzor.ba\/?p=24968"},"modified":"2024-01-15T21:39:33","modified_gmt":"2024-01-15T20:39:33","slug":"merkel-detaljan-plan-integracije-sadrzi-velike-promjene-za-useljenike","status":"publish","type":"post","link":"https:\/\/tvsensor.com\/clanak\/merkel-detaljan-plan-integracije-sadrzi-velike-promjene-za-useljenike\/","title":{"rendered":"Merkel: Detaljan plan integracije sadr\u017ei velike promjene za useljenike"},"content":{"rendered":"\n<p>Njema\u010dka kancelarka&nbsp;<strong>Angela Merkel<\/strong>, lideri saveznih dr\u017eava te gra\u0111anskih udruga, ukupno 120 dionika, dovr\u0161ili su plan integracije migranata u njema\u010dko dru\u0161tvo, sustav obrazovanja i tr\u017ei\u0161te rada. Trebao bi vrijediti barem sljede\u0107e desetlje\u0107e. To je sasvim sigurno i posljednji takav plan koji \u0107e Merkel donijeti prije nego \u0161to kona\u010dno napusti kancelarsko mjesto nakon parlamentarnih izbora u rujnu.<\/p>\n\n\n\n<p><strong>Na ovom se Nacionalnom akcijskom planu za integracije radilo tri godine<\/strong>, u njegovu stvaranju sudjelovalo je 300 predstavnika njema\u010dkih dr\u017eava, gradova te 75 migrantskih organizacija, a usvojen je na velikom summitu kojem je predsjedavala Annette Widmann-Mauz, njema\u010dka povjerenica za integraciju. Upravo je migrantska kriza, uz ovu pandemijsku, bila najve\u0107im izazovom kancelarke Angele Merkel.<\/p>\n\n\n\n<p>Njema\u010dka je politika shvatila&nbsp;<strong>da samo osiguranje radnog mjesta vi\u0161e nije dovoljno kako bi se migrante uspje\u0161no integriralo u njema\u010dko dru\u0161tvo<\/strong>. Program integriranja mora biti puno detaljniji i temeljitiji. Tako se novi plan sastoji od pet faza podijeljenih u 100 to\u010daka s osnovnom premisom \u2013 integracija mora po\u010deti jo\u0161 prije dolaska u Njema\u010dku.<\/p>\n\n\n\n<p><strong>U prvoj fazi<\/strong>&nbsp;koja po\u010dinje jo\u0161 u mati\u010dnim zemljama tra\u017ei se one koji su voljni obrazovati se i raditi kako bi se privukla deficitarna, ali i kvalificirana radna snaga.<\/p>\n\n\n\n<p><strong>Druga bi faza<\/strong>&nbsp;uklju\u010divala mjere po\u010detne integracije kao \u0161to su u\u010denje jezika, savjeti za po\u010detak svakodnevnog \u017eivota, priznanje ranije ste\u010denih kvalifikacija.<\/p>\n\n\n\n<p><strong>Tre\u0107a bi faza<\/strong>&nbsp;bila posve\u0107ena uklju\u010divanju i sudjelovanju u njema\u010dkom dru\u0161tvu, a pritom se misli i na integraciju na tr\u017ei\u0161te rada, ali i gra\u0111anski anga\u017eman, gdje je o\u010dito kako se od novih useljenika u Njema\u010dku o\u010dekuje da sudjeluju u op\u0107em dru\u0161tvenom \u017eivotu, a ne samo u \u017eivotu zajednice svojih sunarodnjaka iz zemlje iz koje potje\u010du, pi\u0161e&nbsp;<strong><a href=\"https:\/\/www.vecernji.hr\/vijesti\/merkel-priprema-promjene-za-sve-useljenike-pet-faza-bez-kojih-se-nece-moci-u-njemacku-1475402\" target=\"_blank\" rel=\"noreferrer noopener\">Ve\u010dernji.hr<\/a>.<\/strong><\/p>\n\n\n\n<p><strong>\u010cetvrta faza<\/strong>&nbsp;bavi se temeljima za rast dru\u0161tva, \u0161to zna\u010di omogu\u0107avanje useljenicima da ravnopravno sudjeluju i imaju koristi od zdravstva, kulture, medija i sporta, dakle poti\u010de se raznolikost u ovim sferama.<\/p>\n\n\n\n<p><strong>U petoj fazi<\/strong>&nbsp;cilj je u\u010dvr\u0161\u0107ivanje pripadnosti i solidarnosti sa svojim novim susjedima i njihovim dru\u0161tvom kojega useljenici postaju dio. Tu se podrazumijeva pove\u0107anje stupnja naturalizacije, gra\u0111anskog obrazovanja i sudjelovanja u njemu, jednake prilike na tr\u017ei\u0161tu rada i kada se radi o poduzetni\u0161tvu i o javnom sektoru.<\/p>\n\n\n\n<p>Vi\u0161e o ovoj temi mo\u017eete \u010ditati&nbsp;<a href=\"https:\/\/www.vecernji.hr\/vijesti\/merkel-priprema-promjene-za-sve-useljenike-pet-faza-bez-kojih-se-nece-moci-u-njemacku-1475402\" target=\"_blank\" rel=\"noreferrer noopener\">OVDJE<\/a>.<\/p>\n","protected":false},"excerpt":{"rendered":"<p>Njema\u010dka kancelarka&nbsp;Angela Merkel, lideri saveznih dr\u017eava te gra\u0111anskih udruga, ukupno 120 dionika, dovr\u0161ili su plan integracije migranata u njema\u010dko dru\u0161tvo, sustav obrazovanja i tr\u017ei\u0161te rada. Trebao bi vrijediti barem sljede\u0107e desetlje\u0107e. To je sasvim sigurno i posljednji takav plan koji \u0107e Merkel donijeti prije nego \u0161to kona\u010dno napusti kancelarsko mjesto nakon parlamentarnih izbora u rujnu. [&hellip;]<\/p>\n","protected":false},"author":59,"featured_media":24969,"comment_status":"closed","ping_status":"closed","sticky":false,"template":"","format":"standard","meta":{"inline_featured_image":false,"footnotes":""},"categories":[41],"tags":[],"class_list":{"0":"post-24968","1":"post","2":"type-post","3":"status-publish","4":"format-standard","5":"has-post-thumbnail","7":"category-svijet"},"acf":[],"_links":{"self":[{"href":"https:\/\/tvsensor.com\/api\/wp\/v2\/posts\/24968","targetHints":{"allow":["GET"]}}],"collection":[{"href":"https:\/\/tvsensor.com\/api\/wp\/v2\/posts"}],"about":[{"href":"https:\/\/tvsensor.com\/api\/wp\/v2\/types\/post"}],"author":[{"embeddable":true,"href":"https:\/\/tvsensor.com\/api\/wp\/v2\/users\/59"}],"replies":[{"embeddable":true,"href":"https:\/\/tvsensor.com\/api\/wp\/v2\/comments?post=24968"}],"version-history":[{"count":1,"href":"https:\/\/tvsensor.com\/api\/wp\/v2\/posts\/24968\/revisions"}],"predecessor-version":[{"id":24970,"href":"https:\/\/tvsensor.com\/api\/wp\/v2\/posts\/24968\/revisions\/24970"}],"wp:featuredmedia":[{"embeddable":true,"href":"https:\/\/tvsensor.com\/api\/wp\/v2\/media\/24969"}],"wp:attachment":[{"href":"https:\/\/tvsensor.com\/api\/wp\/v2\/media?parent=24968"}],"wp:term":[{"taxonomy":"category","embeddable":true,"href":"https:\/\/tvsensor.com\/api\/wp\/v2\/categories?post=24968"},{"taxonomy":"post_tag","embeddable":true,"href":"https:\/\/tvsensor.com\/api\/wp\/v2\/tags?post=24968"}],"curies":[{"name":"wp","href":"https:\/\/api.w.org\/{rel}","templated":true}]}}