{"id":24959,"date":"2021-03-11T10:31:44","date_gmt":"2021-03-11T09:31:44","guid":{"rendered":"https:\/\/senzor.ba\/?p=24959"},"modified":"2024-01-15T21:39:33","modified_gmt":"2024-01-15T20:39:33","slug":"mijanmar-jos-sedmero-ljudi-ubijeno-na-protestima-protiv-puca","status":"publish","type":"post","link":"https:\/\/tvsensor.com\/clanak\/mijanmar-jos-sedmero-ljudi-ubijeno-na-protestima-protiv-puca\/","title":{"rendered":"Mijanmar: Jo\u0161 sedmero ljudi ubijeno na protestima protiv pu\u010da"},"content":{"rendered":"\n<p>Prema najnovijim izvje\u0161tajima lokalnih medija, jo\u0161 sedmero ljudi ubijeno je na protestima protiv pu\u010da u Mijanmaru, prenosi Anadolu Agency (AA).<\/p>\n\n\n\n<p>Racije vojske i policije intenzivirane su ju\u010der, a najmanje 200 osoba uhap\u0161eno je u pretresima naselja i \u017eeljezni\u010dkog stambenog kompleksa u Yangonu, najve\u0107em gradu Mijanmara.<\/p>\n\n\n\n<p>Vojne racije izvedene su u prigradskom naselju North Okkalapa, gdje je privedeno skoro 200 demonstranata, objavili su lokalni mediji.<\/p>\n\n\n\n<p>Me\u0111utim, lokalno stanovni\u0161tvo blokiralo je ceste tako da policijski kombiji, koji su prevozili privedene, nisu mogli napustiti podru\u010dje.<\/p>\n\n\n\n<p>Snage su upale i u stambene objekte u kojima su smje\u0161teni radnici \u017eeljeznice u naselju Minglar Taung Nyunt.<\/p>\n\n\n\n<p>Na ulicama mijanmarskih gradova gra\u0111ani protestuju skoro svakodnevno, a zdravstveni radnici odbili su primiti drugu dozu vakcine protiv COVID-19 kao znak protesta protiv dr\u017eavnog udara.<\/p>\n\n\n\n<p>U januaru je vi\u0161e od 103.000 zdravstvenih radnika dobilo prvu dozu vakcine Oxford-AstraZeneca. Me\u0111utim, uposlenici Op\u0107e bolnice Lashio (LGH) u sjevernoj provinciji Shan odbili su primiti drugu dozu koja je bila zakazana za 25. februar.<\/p>\n\n\n\n<p>Vojna hunta uhapsila je najmanje 1.932 osobe od pu\u010da, koji je izveden 1. februara, podaci su Asocijacije za pomo\u0107 politi\u010dkim zatvorenicima.<\/p>\n\n\n\n<p>Oko 350 mladih privedeno je pro\u0161le sedmice zbog demonstracija protiv dr\u017eavnog udara i nalazi se u zloglasnom zatvoru &#8220;Insein&#8221;.<\/p>\n\n\n\n<p>Hiljade demonstranata protestuje skoro svakodnevno protiv vojne vlasti. Mijanmarska vojska je 1. februara ove godine izvela udar i preuzela vlast u toj zemlji pod izgovorom da su novembarski izbori bili neregularni.<\/p>\n\n\n\n<p>Vojska je proglasila jednogodi\u0161nje vanredno stanje i uhapsila \u010delnike vlade, uklju\u010duju\u0107i i mijanmarsku liderku Aung San Suu Kyi. Masovni protesti protiv vojnog udara po\u010deli su 6. februara.<\/p>\n\n\n\n<p>Ujedinjene nacije, Evropska unija i brojne zemlje, poput Turske, Sjedinjenih Ameri\u010dkih Dr\u017eava, Kanade i Velike Britanije najo\u0161trije su osudili vojni udar u Mijanmaru.<\/p>\n\n\n\n<p>Masovni protesti protiv dr\u017eavnog udara u cijeloj zemlji doveli su do represije vojske, s vi\u0161e od 70 ubijenih i 1.932 uhap\u0161enih.<\/p>\n","protected":false},"excerpt":{"rendered":"<p>Prema najnovijim izvje\u0161tajima lokalnih medija, jo\u0161 sedmero ljudi ubijeno je na protestima protiv pu\u010da u Mijanmaru, prenosi Anadolu Agency (AA). Racije vojske i policije intenzivirane su ju\u010der, a najmanje 200 osoba uhap\u0161eno je u pretresima naselja i \u017eeljezni\u010dkog stambenog kompleksa u Yangonu, najve\u0107em gradu Mijanmara. Vojne racije izvedene su u prigradskom naselju North Okkalapa, gdje [&hellip;]<\/p>\n","protected":false},"author":59,"featured_media":24960,"comment_status":"closed","ping_status":"closed","sticky":false,"template":"","format":"standard","meta":{"inline_featured_image":false,"footnotes":""},"categories":[41],"tags":[],"class_list":{"0":"post-24959","1":"post","2":"type-post","3":"status-publish","4":"format-standard","5":"has-post-thumbnail","7":"category-svijet"},"acf":[],"_links":{"self":[{"href":"https:\/\/tvsensor.com\/api\/wp\/v2\/posts\/24959","targetHints":{"allow":["GET"]}}],"collection":[{"href":"https:\/\/tvsensor.com\/api\/wp\/v2\/posts"}],"about":[{"href":"https:\/\/tvsensor.com\/api\/wp\/v2\/types\/post"}],"author":[{"embeddable":true,"href":"https:\/\/tvsensor.com\/api\/wp\/v2\/users\/59"}],"replies":[{"embeddable":true,"href":"https:\/\/tvsensor.com\/api\/wp\/v2\/comments?post=24959"}],"version-history":[{"count":1,"href":"https:\/\/tvsensor.com\/api\/wp\/v2\/posts\/24959\/revisions"}],"predecessor-version":[{"id":24961,"href":"https:\/\/tvsensor.com\/api\/wp\/v2\/posts\/24959\/revisions\/24961"}],"wp:featuredmedia":[{"embeddable":true,"href":"https:\/\/tvsensor.com\/api\/wp\/v2\/media\/24960"}],"wp:attachment":[{"href":"https:\/\/tvsensor.com\/api\/wp\/v2\/media?parent=24959"}],"wp:term":[{"taxonomy":"category","embeddable":true,"href":"https:\/\/tvsensor.com\/api\/wp\/v2\/categories?post=24959"},{"taxonomy":"post_tag","embeddable":true,"href":"https:\/\/tvsensor.com\/api\/wp\/v2\/tags?post=24959"}],"curies":[{"name":"wp","href":"https:\/\/api.w.org\/{rel}","templated":true}]}}