{"id":24949,"date":"2021-03-10T22:32:09","date_gmt":"2021-03-10T21:32:09","guid":{"rendered":"https:\/\/senzor.ba\/?p=24949"},"modified":"2024-01-15T21:39:34","modified_gmt":"2024-01-15T20:39:34","slug":"turkovic-u-albaniji-posjetila-naselja-gdje-zive-bosnjaci","status":"publish","type":"post","link":"https:\/\/tvsensor.com\/clanak\/turkovic-u-albaniji-posjetila-naselja-gdje-zive-bosnjaci\/","title":{"rendered":"Turkovi\u0107 u Albaniji posjetila naselja gdje \u017eive Bo\u0161njaci"},"content":{"rendered":"\n<p><strong><em>Zamjenica predsjedavaju\u0107eg Vije\u0107a ministara i ministrica spoljnih poslova Bosne i Hercegovine Bisera Turkovi\u0107, tokom boravka u radnoj posjeti Republici Albaniji, posjetila je Po\u010dasni konzulat BiH u Dra\u010du i naselja u kojima \u017eive Bo\u0161njaci.<\/em><\/strong><\/p>\n\n\n\n<p>Tokom posjete, ministrica Turkovi\u0107 je razgovarala sa po\u010dasnim konzulom na\u0161e zemlje u Republici Albaniji Fikretom Klari\u0107em, ali i drugim istaknutim Bo\u0161njacima iz ovog kraja, koji su okupljeni oko Udru\u017eenja Bo\u0161njaka \u201cZambak\u201d.<\/p>\n\n\n\n<p>Po\u010dasni konzul Klari\u0107 je informisao ministricu Turkovi\u0107 da u Albaniji \u017eivi oko 10.000 Bo\u0161njaka, a da ih oko 7.000 \u017eivi u okrugu Dra\u010d. Podsjetio je da su Bo\u0161njaci iz Bosne i Hercegovine 1865. godine krenuli za boljim \u017eivotom prema Turskoj, te da se jedan od brodova pokvario upravo kod Dra\u010da, gdje su i ostali da \u017eive narednih 156 godina.<\/p>\n\n\n\n<p>Dodao je da su Bo\u0161njaci 2017. godine, odlukom Parlamenta Republike Albanije, dobili status nacionalne manjine u ovoj zemlji.<\/p>\n\n\n\n<p>\u201cDuboko cijenimo napore koje ste vi i va\u0161i preci ulo\u017eili u proteklih 156 godina na o\u010duvanju na\u0161e tradicije, obi\u010daja, kulture i jezika. Posebna vrijednost je \u010dinjenica da ste na ovom prostoru njegovali i potpuno o\u010duvali na\u0161 bosanski jezik.<\/p>\n\n\n\n<p>Va\u017eno je da nastavimo na\u0161e povezivanje, ali i da zajednice Bo\u0161njaka u Albaniji i Albanaca u Bosni i Hercegovini, budu most koji \u0107e dodatno povezivati dvije prijateljske zemlje\u201d, kazala je ministrica Turkovi\u0107.<\/p>\n\n\n\n<p>Ministrica Turkovi\u0107 je tokom posjete upoznata o aktivnostima bo\u0161nja\u010dke zajednice u oblasti kulture, obrazovanja i sporta, a posjetila je i naselje Borak i osnovnu \u0161kolu u kojoj \u0107e 220 u\u010denika, izme\u0111u ostaloga, u\u010diti i bosanski jezik, saop\u0107eno je iz MVPBiH.<\/p>\n\n\n\n<p>Izvor: Oslobo\u0111enje<\/p>\n","protected":false},"excerpt":{"rendered":"<p>Zamjenica predsjedavaju\u0107eg Vije\u0107a ministara i ministrica spoljnih poslova Bosne i Hercegovine Bisera Turkovi\u0107, tokom boravka u radnoj posjeti Republici Albaniji, posjetila je Po\u010dasni konzulat BiH u Dra\u010du i naselja u kojima \u017eive Bo\u0161njaci. Tokom posjete, ministrica Turkovi\u0107 je razgovarala sa po\u010dasnim konzulom na\u0161e zemlje u Republici Albaniji Fikretom Klari\u0107em, ali i drugim istaknutim Bo\u0161njacima iz [&hellip;]<\/p>\n","protected":false},"author":59,"featured_media":24950,"comment_status":"closed","ping_status":"closed","sticky":false,"template":"","format":"standard","meta":{"inline_featured_image":false,"footnotes":""},"categories":[43,376,37,38],"tags":[],"class_list":{"0":"post-24949","1":"post","2":"type-post","3":"status-publish","4":"format-standard","5":"has-post-thumbnail","7":"category-bih","8":"category-featured","9":"category-vijesti","10":"category-vijesti-iz-bih"},"acf":[],"_links":{"self":[{"href":"https:\/\/tvsensor.com\/api\/wp\/v2\/posts\/24949","targetHints":{"allow":["GET"]}}],"collection":[{"href":"https:\/\/tvsensor.com\/api\/wp\/v2\/posts"}],"about":[{"href":"https:\/\/tvsensor.com\/api\/wp\/v2\/types\/post"}],"author":[{"embeddable":true,"href":"https:\/\/tvsensor.com\/api\/wp\/v2\/users\/59"}],"replies":[{"embeddable":true,"href":"https:\/\/tvsensor.com\/api\/wp\/v2\/comments?post=24949"}],"version-history":[{"count":1,"href":"https:\/\/tvsensor.com\/api\/wp\/v2\/posts\/24949\/revisions"}],"predecessor-version":[{"id":24951,"href":"https:\/\/tvsensor.com\/api\/wp\/v2\/posts\/24949\/revisions\/24951"}],"wp:featuredmedia":[{"embeddable":true,"href":"https:\/\/tvsensor.com\/api\/wp\/v2\/media\/24950"}],"wp:attachment":[{"href":"https:\/\/tvsensor.com\/api\/wp\/v2\/media?parent=24949"}],"wp:term":[{"taxonomy":"category","embeddable":true,"href":"https:\/\/tvsensor.com\/api\/wp\/v2\/categories?post=24949"},{"taxonomy":"post_tag","embeddable":true,"href":"https:\/\/tvsensor.com\/api\/wp\/v2\/tags?post=24949"}],"curies":[{"name":"wp","href":"https:\/\/api.w.org\/{rel}","templated":true}]}}